{"id":103913,"date":"2019-07-09T14:16:28","date_gmt":"2019-07-09T17:16:28","guid":{"rendered":"http:\/\/www.caririemacao.com\/1\/?p=103913"},"modified":"2019-07-09T14:16:28","modified_gmt":"2019-07-09T17:16:28","slug":"mec-divulga-nesta-terca-resultado-do-fies","status":"publish","type":"post","link":"https:\/\/www.caririemacao.com\/1\/2019\/07\/09\/mec-divulga-nesta-terca-resultado-do-fies\/","title":{"rendered":"MEC divulga nesta ter\u00e7a resultado do Fies"},"content":{"rendered":"\n<p>O Minist\u00e9rio da Educa\u00e7\u00e3o (MEC) divulga hoje (9) o resultado do Fundo de Financiamento Estudantil (Fies) juro zero e do P-Fies.<\/p>\n\n\n\n<p>Nesta edi\u00e7\u00e3o, ser\u00e3o ofertadas 46,6 mil vagas a juro zero. O resultado estar\u00e1 dispon\u00edvel na internet, na&nbsp;<a href=\"http:\/\/fies.mec.gov.br\/\" target=\"_blank\" rel=\"noreferrer noopener\">p\u00e1gina do programa<\/a>&nbsp;e nas institui\u00e7\u00f5es de ensino superior participantes.<br><br>Os estudantes selecionados no P-Fies devem comparecer \u00e0 institui\u00e7\u00e3o de ensino para validar as informa\u00e7\u00f5es prestadas na hora da inscri\u00e7\u00e3o a partir desta ter\u00e7a-feira. J\u00e1 os selecionados na modalidade Fies devem complementar a inscri\u00e7\u00e3o no per\u00edodo de 10 a 12 de julho.<br><br>Quem n\u00e3o foi selecionado na modalidade Fies juro zero pode ainda participar da lista de espera, entre os dias 15 de julho e 23 de agosto.<br><br>N\u00e3o h\u00e1 lista de espera do P-Fies. A pr\u00e9-aprova\u00e7\u00e3o do financiamento na modalidade do P-Fies \u00e9 de responsabilidade exclusiva dos agentes financeiros operadores de cr\u00e9dito que tenham rela\u00e7\u00e3o jur\u00eddica estabelecida com institui\u00e7\u00f5es de ensino participantes.<\/p>\n\n\n\n<h2 class=\"wp-block-heading\"><a href=\"http:\/\/fies.mec.gov.br\/\" target=\"_blank\" rel=\"noreferrer noopener\">Fies<\/a><\/h2>\n\n\n\n<p>O Fies concede financiamento a estudantes em cursos superiores de institui\u00e7\u00f5es privadas com avalia\u00e7\u00e3o positiva pelo Minist\u00e9rio da Educa\u00e7\u00e3o.<br><br>Pode concorrer quem fez uma das edi\u00e7\u00f5es do Exame Nacional do Ensino M\u00e9dio (Enem) a partir de 2010, com m\u00e9dia igual ou superior a 450 pontos, e obtido nota maior que zero na reda\u00e7\u00e3o.<\/p>\n\n\n\n<h2 class=\"wp-block-heading\">Modalidades<\/h2>\n\n\n\n<p>O novo Fies, que come\u00e7ou a vigorar em 2018, tem modalidades de acordo com a renda familiar.<\/p>\n\n\n\n<p>A modalidade com juro zero \u00e9 para os candidatos com renda mensal familiar per capita de at\u00e9 tr\u00eas sal\u00e1rios m\u00ednimos.<\/p>\n\n\n\n<p>O aluno come\u00e7ar\u00e1 a pagar as presta\u00e7\u00f5es respeitando o seu limite de renda.<br><br>A modalidade chamada de P-Fies \u00e9 para candidatos com renda familiar per capita entre tr\u00eas e cinco sal\u00e1rios m\u00ednimos.<\/p>\n\n\n\n<p>Nesse caso, o financiamento \u00e9 feito por condi\u00e7\u00f5es definidas pelo agente financeiro operador de cr\u00e9dito, que pode ser um banco privado ou fundos constitucionais e de Desenvolvimento.<\/p>\n","protected":false},"excerpt":{"rendered":"<p>O Minist\u00e9rio da Educa\u00e7\u00e3o (MEC) divulga hoje (9) o resultado do Fundo de Financiamento Estudantil (Fies) juro zero e do P-Fies. Nesta edi\u00e7\u00e3o, ser\u00e3o ofertadas&hellip; <\/p>\n","protected":false},"author":1,"featured_media":103914,"comment_status":"closed","ping_status":"closed","sticky":false,"template":"","format":"standard","meta":{"sfsi_plus_gutenberg_text_before_share":"","sfsi_plus_gutenberg_show_text_before_share":"","sfsi_plus_gutenberg_icon_type":"","sfsi_plus_gutenberg_icon_alignemt":"","sfsi_plus_gutenburg_max_per_row":"","footnotes":""},"categories":[2],"tags":[],"class_list":["post-103913","post","type-post","status-publish","format-standard","has-post-thumbnail","hentry","category-geral"],"_links":{"self":[{"href":"https:\/\/www.caririemacao.com\/1\/wp-json\/wp\/v2\/posts\/103913","targetHints":{"allow":["GET"]}}],"collection":[{"href":"https:\/\/www.caririemacao.com\/1\/wp-json\/wp\/v2\/posts"}],"about":[{"href":"https:\/\/www.caririemacao.com\/1\/wp-json\/wp\/v2\/types\/post"}],"author":[{"embeddable":true,"href":"https:\/\/www.caririemacao.com\/1\/wp-json\/wp\/v2\/users\/1"}],"replies":[{"embeddable":true,"href":"https:\/\/www.caririemacao.com\/1\/wp-json\/wp\/v2\/comments?post=103913"}],"version-history":[{"count":1,"href":"https:\/\/www.caririemacao.com\/1\/wp-json\/wp\/v2\/posts\/103913\/revisions"}],"predecessor-version":[{"id":103915,"href":"https:\/\/www.caririemacao.com\/1\/wp-json\/wp\/v2\/posts\/103913\/revisions\/103915"}],"wp:featuredmedia":[{"embeddable":true,"href":"https:\/\/www.caririemacao.com\/1\/wp-json\/wp\/v2\/media\/103914"}],"wp:attachment":[{"href":"https:\/\/www.caririemacao.com\/1\/wp-json\/wp\/v2\/media?parent=103913"}],"wp:term":[{"taxonomy":"category","embeddable":true,"href":"https:\/\/www.caririemacao.com\/1\/wp-json\/wp\/v2\/categories?post=103913"},{"taxonomy":"post_tag","embeddable":true,"href":"https:\/\/www.caririemacao.com\/1\/wp-json\/wp\/v2\/tags?post=103913"}],"curies":[{"name":"wp","href":"https:\/\/api.w.org\/{rel}","templated":true}]}}