{"id":103917,"date":"2019-07-09T14:27:57","date_gmt":"2019-07-09T17:27:57","guid":{"rendered":"http:\/\/www.caririemacao.com\/1\/?p=103917"},"modified":"2019-07-09T14:27:57","modified_gmt":"2019-07-09T17:27:57","slug":"governo-de-sp-amplia-imunizacao-contra-sarampo-em-5-municipios","status":"publish","type":"post","link":"https:\/\/www.caririemacao.com\/1\/2019\/07\/09\/governo-de-sp-amplia-imunizacao-contra-sarampo-em-5-municipios\/","title":{"rendered":"Governo de SP amplia imuniza\u00e7\u00e3o contra sarampo em 5 munic\u00edpios"},"content":{"rendered":"\n<p><br>A Secretaria de Estado da Sa\u00fade de S\u00e3o Paulo vai ampliar a imuniza\u00e7\u00e3o contra sarampo para jovens de 15 a 29 anos em mais cinco munic\u00edpios da Grande S\u00e3o Paulo. Essa faixa et\u00e1ria, segundo a secretaria, \u00e9 considerada a mais vulner\u00e1vel a infec\u00e7\u00f5es por causa da baixa procura pela segunda dose da vacina.<\/p>\n\n\n\n<p>Com isso, ser\u00e3o vacinados jovens e adultos dessa faixa et\u00e1ria das cidades de Guarulhos, Osasco, S\u00e3o Bernardo do Campo, Santo Andr\u00e9 e S\u00e3o Caetano do Sul, locais onde h\u00e1 circula\u00e7\u00e3o do v\u00edrus. A campanha de vacina\u00e7\u00e3o nestas cidades ser\u00e1 iniciada na quinta-feira (11). A expectativa da secretaria \u00e9 imunizar mais de 900 mil jovens e adultos dessa faixa et\u00e1ria nesses locais. No dia 20 de julho ser\u00e1 realizado um Dia D de Imuniza\u00e7\u00e3o.<\/p>\n\n\n\n<p>Na capital paulista, a campanha est\u00e1 ocorrendo desde o dia 10 de junho e a meta \u00e9 vacinar 2,9 milh\u00f5es de paulistanos com idade entre 15 e 29 anos. At\u00e9 o dia 1\u00ba de Julho, 47 mil pessoas foram&nbsp; vacinadas na cidade de S\u00e3o&nbsp; Paulo.<\/p>\n\n\n\n<p>At\u00e9 o momento foram confirmados 206 casos de sarampo no estado. Mais da metade dos casos (66% do total) se concentra na capital, com 137 registros. Na faixa et\u00e1ria entre 15 e 29 anos, foram registrados 98 casos.<\/p>\n\n\n\n<p>A vacina tr\u00edplice viral protege contra sarampo, rub\u00e9ola e caxumba. H\u00e1 contraindica\u00e7\u00e3o para gestantes e imunodeprimidos, como pessoas submetidas a tratamento de leucemia e pacientes oncol\u00f3gicos.<\/p>\n\n\n\n<p>O sarampo \u00e9 uma doen\u00e7a infecciosa aguda, provocada por v\u00edrus, grave e transmitida pela fala, tosse e espirro. A doen\u00e7a \u00e9 extremamente contagiosa, mas que pode ser prevenida pela vacina. O sarampo caracteriza-se principalmente por febre alta, dor de cabe\u00e7a, manchas vermelhas no corpo, tosse, coriza, conjuntivite e manchas brancas na mucosa bucal.<\/p>\n","protected":false},"excerpt":{"rendered":"<p>A Secretaria de Estado da Sa\u00fade de S\u00e3o Paulo vai ampliar a imuniza\u00e7\u00e3o contra sarampo para jovens de 15 a 29 anos em mais cinco&hellip; <\/p>\n","protected":false},"author":1,"featured_media":103918,"comment_status":"closed","ping_status":"closed","sticky":false,"template":"","format":"standard","meta":{"sfsi_plus_gutenberg_text_before_share":"","sfsi_plus_gutenberg_show_text_before_share":"","sfsi_plus_gutenberg_icon_type":"","sfsi_plus_gutenberg_icon_alignemt":"","sfsi_plus_gutenburg_max_per_row":"","footnotes":""},"categories":[2],"tags":[],"class_list":["post-103917","post","type-post","status-publish","format-standard","has-post-thumbnail","hentry","category-geral"],"_links":{"self":[{"href":"https:\/\/www.caririemacao.com\/1\/wp-json\/wp\/v2\/posts\/103917","targetHints":{"allow":["GET"]}}],"collection":[{"href":"https:\/\/www.caririemacao.com\/1\/wp-json\/wp\/v2\/posts"}],"about":[{"href":"https:\/\/www.caririemacao.com\/1\/wp-json\/wp\/v2\/types\/post"}],"author":[{"embeddable":true,"href":"https:\/\/www.caririemacao.com\/1\/wp-json\/wp\/v2\/users\/1"}],"replies":[{"embeddable":true,"href":"https:\/\/www.caririemacao.com\/1\/wp-json\/wp\/v2\/comments?post=103917"}],"version-history":[{"count":1,"href":"https:\/\/www.caririemacao.com\/1\/wp-json\/wp\/v2\/posts\/103917\/revisions"}],"predecessor-version":[{"id":103919,"href":"https:\/\/www.caririemacao.com\/1\/wp-json\/wp\/v2\/posts\/103917\/revisions\/103919"}],"wp:featuredmedia":[{"embeddable":true,"href":"https:\/\/www.caririemacao.com\/1\/wp-json\/wp\/v2\/media\/103918"}],"wp:attachment":[{"href":"https:\/\/www.caririemacao.com\/1\/wp-json\/wp\/v2\/media?parent=103917"}],"wp:term":[{"taxonomy":"category","embeddable":true,"href":"https:\/\/www.caririemacao.com\/1\/wp-json\/wp\/v2\/categories?post=103917"},{"taxonomy":"post_tag","embeddable":true,"href":"https:\/\/www.caririemacao.com\/1\/wp-json\/wp\/v2\/tags?post=103917"}],"curies":[{"name":"wp","href":"https:\/\/api.w.org\/{rel}","templated":true}]}}