{"id":103922,"date":"2019-07-09T14:31:57","date_gmt":"2019-07-09T17:31:57","guid":{"rendered":"http:\/\/www.caririemacao.com\/1\/?p=103922"},"modified":"2019-07-09T14:31:57","modified_gmt":"2019-07-09T17:31:57","slug":"anatel-inicia-estudo-sobre-qualidade-dos-servicos-de-telecomunicacoes","status":"publish","type":"post","link":"https:\/\/www.caririemacao.com\/1\/2019\/07\/09\/anatel-inicia-estudo-sobre-qualidade-dos-servicos-de-telecomunicacoes\/","title":{"rendered":"Anatel inicia estudo sobre qualidade dos servi\u00e7os de telecomunica\u00e7\u00f5es"},"content":{"rendered":"\n<p>A\u00a0Ag\u00eancia Nacional de Telecomunica\u00e7\u00f5es (Anatel) iniciou na \u00faltima segunda-feira a quinta Pesquisa de Satisfa\u00e7\u00e3o e Qualidade Percebida. Cerca de 89 mil consumidores v\u00e3o participar do levantamento que vai avaliar a qualidade e a satisfa\u00e7\u00e3o do p\u00fablico com os servi\u00e7os prestados pelas empresas de telefonia fixa, telefonia m\u00f3vel, banda larga fixa e TV por assinatura. A previs\u00e3o de divulga\u00e7\u00e3o dos resultados \u00e9 para o primeiro trimestre de 2020.<\/p>\n\n\n\n<p>Os consumidores responder\u00e3o perguntas sobre satisfa\u00e7\u00e3o geral com a presta\u00e7\u00e3o dos servi\u00e7os e sobre a qualidade percebida com os canais de atendimento, oferta e contrata\u00e7\u00e3o de servi\u00e7os, funcionamento dos servi\u00e7os, cobran\u00e7a, reparo e instala\u00e7\u00e3o, al\u00e9m de capacidade de resolu\u00e7\u00e3o de problemas. Para que a ag\u00eancia possa construir dados de acordo com o perfil sociodemogr\u00e1fico dos cidad\u00e3os, o question\u00e1rio inclui perguntas sobre a cidade onde o consumidor reside, renda e escolaridade. A Anatel destaca ainda que n\u00e3o ser\u00e3o solicitados n\u00famero de documentos pessoais, e-mail para contato, endere\u00e7o, n\u00famero de cart\u00e3o de cr\u00e9dito, dados banc\u00e1rios ou senhas.<\/p>\n\n\n\n<p>O levantamento funciona como um panorama sobre os servi\u00e7os de telecomunica\u00e7\u00f5es no pa\u00eds e subsidia o trabalho da Anatel. Os resultados permitem comparar, por unidade da federa\u00e7\u00e3o, a satisfa\u00e7\u00e3o e percep\u00e7\u00e3o de qualidade dos consumidores por prestadora e por servi\u00e7o.<\/p>\n\n\n\n<h2 class=\"wp-block-heading\">Pesquisas anteriores<\/h2>\n\n\n\n<p>A Anatel promove pesquisas sobre satisfa\u00e7\u00e3o desde 2002 e, de qualidade percebida, desde 2012. No \u00faltimo&nbsp;<a href=\"http:\/\/agenciabrasil.ebc.com.br\/geral\/noticia\/2019-03\/anatel-diz-que-houve-melhora-nos-principais-servicos-de-telefonia\" target=\"_blank\" rel=\"noreferrer noopener\">levantamento<\/a>&nbsp;divulgado pela ag\u00eancia, no in\u00edcio deste ano, foram entrevistadas cerca de 100 mil pessoas em todo o pa\u00eds.<\/p>\n\n\n\n<p>De modo geral, no ano de 2018, o desempenho dos servi\u00e7os pesquisados melhorou em rela\u00e7\u00e3o \u00e0s pesquisas anteriores. Na m\u00e9dia nacional, subiu a nota de satisfa\u00e7\u00e3o geral (numa escala de 0 a 10) para todos os servi\u00e7os. Os consumidores de telefonia m\u00f3vel p\u00f3s-paga foram os que se declararam mais satisfeitos, com a nota m\u00e9dia nacional de 7,32, contra 6,99 em 2017.<\/p>\n\n\n\n<p>J\u00e1 os consumidores de banda larga fixa foram os que se mostraram menos satisfeitos, embora a m\u00e9dia nacional de satisfa\u00e7\u00e3o geral tenha aumentado em rela\u00e7\u00e3o ao ano anterior, passando de 6,23 para 6,43.<\/p>\n","protected":false},"excerpt":{"rendered":"<p>A\u00a0Ag\u00eancia Nacional de Telecomunica\u00e7\u00f5es (Anatel) iniciou na \u00faltima segunda-feira a quinta Pesquisa de Satisfa\u00e7\u00e3o e Qualidade Percebida. Cerca de 89 mil consumidores v\u00e3o participar do&hellip; <\/p>\n","protected":false},"author":1,"featured_media":103923,"comment_status":"closed","ping_status":"closed","sticky":false,"template":"","format":"standard","meta":{"sfsi_plus_gutenberg_text_before_share":"","sfsi_plus_gutenberg_show_text_before_share":"","sfsi_plus_gutenberg_icon_type":"","sfsi_plus_gutenberg_icon_alignemt":"","sfsi_plus_gutenburg_max_per_row":"","footnotes":""},"categories":[2],"tags":[],"class_list":["post-103922","post","type-post","status-publish","format-standard","has-post-thumbnail","hentry","category-geral"],"_links":{"self":[{"href":"https:\/\/www.caririemacao.com\/1\/wp-json\/wp\/v2\/posts\/103922","targetHints":{"allow":["GET"]}}],"collection":[{"href":"https:\/\/www.caririemacao.com\/1\/wp-json\/wp\/v2\/posts"}],"about":[{"href":"https:\/\/www.caririemacao.com\/1\/wp-json\/wp\/v2\/types\/post"}],"author":[{"embeddable":true,"href":"https:\/\/www.caririemacao.com\/1\/wp-json\/wp\/v2\/users\/1"}],"replies":[{"embeddable":true,"href":"https:\/\/www.caririemacao.com\/1\/wp-json\/wp\/v2\/comments?post=103922"}],"version-history":[{"count":1,"href":"https:\/\/www.caririemacao.com\/1\/wp-json\/wp\/v2\/posts\/103922\/revisions"}],"predecessor-version":[{"id":103924,"href":"https:\/\/www.caririemacao.com\/1\/wp-json\/wp\/v2\/posts\/103922\/revisions\/103924"}],"wp:featuredmedia":[{"embeddable":true,"href":"https:\/\/www.caririemacao.com\/1\/wp-json\/wp\/v2\/media\/103923"}],"wp:attachment":[{"href":"https:\/\/www.caririemacao.com\/1\/wp-json\/wp\/v2\/media?parent=103922"}],"wp:term":[{"taxonomy":"category","embeddable":true,"href":"https:\/\/www.caririemacao.com\/1\/wp-json\/wp\/v2\/categories?post=103922"},{"taxonomy":"post_tag","embeddable":true,"href":"https:\/\/www.caririemacao.com\/1\/wp-json\/wp\/v2\/tags?post=103922"}],"curies":[{"name":"wp","href":"https:\/\/api.w.org\/{rel}","templated":true}]}}