{"id":103925,"date":"2019-07-09T14:37:38","date_gmt":"2019-07-09T17:37:38","guid":{"rendered":"http:\/\/www.caririemacao.com\/1\/?p=103925"},"modified":"2019-07-09T14:37:38","modified_gmt":"2019-07-09T17:37:38","slug":"treze-coloca-ingressos-a-partir-de-r-5-para-jogo-contra-o-imperatriz-ma","status":"publish","type":"post","link":"https:\/\/www.caririemacao.com\/1\/2019\/07\/09\/treze-coloca-ingressos-a-partir-de-r-5-para-jogo-contra-o-imperatriz-ma\/","title":{"rendered":"Treze coloca ingressos a partir de R$ 5 para jogo contra o Imperatriz-MA"},"content":{"rendered":"\n<p>Com a decisiva partida contra o Imperatriz agendada para o Amig\u00e3o, mas ainda com o desejo de transferir a peleja para o Presidente Vargas, a diretoria do Treze anunciou nesta segunda-feira (08) uma promo\u00e7\u00e3o para atrair ainda mais o torcedor alvinegro ao est\u00e1dio.<\/p>\n\n\n\n<p>O jogo, v\u00e1lido pela 12\u00aa rodada do Grupo A da S\u00e9rie C, est\u00e1 marcado para as 16h de domingo (14), independente do local.<\/p>\n\n\n\n<p>Sendo assim, na compra antecipada, at\u00e9 a pr\u00f3xima quinta-feira (11), o trezeano vai pagar o valor de meia-entrada em todos os setores da pra\u00e7a esportiva que vai sediar o jogo: R$ 5 na geral, R$10 na arquibancada principal e R$ 40 nas cadeiras.<\/p>\n\n\n\n<p>Na sexta, no s\u00e1bado e no domingo, dia da partida, os pre\u00e7os devem voltar ao normal: R$ 10, R$ 20 e R$ 80.<\/p>\n\n\n\n<figure><iframe data-src=\"https:\/\/www.instagram.com\/p\/Bzq7IJwB5J9\/embed\/captioned\/?cr=1&amp;v=12&amp;wp=594&amp;rd=http%3A%2F%2Fvozdatorcida.com&amp;rp=%2Ftreze-coloca-ingressos-a-partir-de-r-5-para-jogo-contra-o-imperatriz-ma%2F#%7B%22ci%22%3A0%2C%22os%22%3A1881.6749999987223%7D\" allowfullscreen=\"true\" height=\"1400\" src=\"data:image\/svg+xml;base64,PHN2ZyB3aWR0aD0iMSIgaGVpZ2h0PSIxIiB4bWxucz0iaHR0cDovL3d3dy53My5vcmcvMjAwMC9zdmciPjwvc3ZnPg==\" class=\"lazyload\" data-load-mode=\"1\"><\/iframe><\/figure>\n\n\n\n<p>Muito provavelmente, a partida vai mesmo acontecer no Amig\u00e3o. Mas a dire\u00e7\u00e3o do Galo da Borborema acredita que uma reuni\u00e3o com representantes do Minist\u00e9rio P\u00fablico e demais \u00f3rg\u00e3os competentes pode fazer com que a CBF aceite transferir o duelo com os maranhenses para o PV.<\/p>\n\n\n\n<p>De todo modo, para os dirigentes galistas, o apoio do torcedor na arquibancada ser\u00e1 fundamental para o time comandado por Luizinho Lopes.<\/p>\n\n\n\n<p>O Treze ocupa a \u00faltima posi\u00e7\u00e3o do Grupo A, com os mesmos nove pontos do nono colocado ABC.<\/p>\n\n\n\n<p>Uma vit\u00f3ria no domingo, contra o Imperatriz, somada a trope\u00e7os de ABC (pega o Confian\u00e7a,em Natal) e Globo (visita o Sampaio Corr\u00eaa, no Maranh\u00e3o), pode tirar o Galo da zona de rebaixamento.<\/p>\n\n\n\n<p><strong>Confira os pontos de venda<\/strong><\/p>\n\n\n\n<p>Loja do Treze (Centro de Campina Grande);<\/p>\n\n\n\n<p>Restaurante Recanto da Amizade (Batista no Catol\u00e9);<\/p>\n\n\n\n<p>Bragapharma (Campos Sales, no Jos\u00e9 Pinheiro);<\/p>\n\n\n\n<p>Shopping do P\u00e9 (Feira Central);<\/p>\n\n\n\n<p>Paiva Emplacamentos (Cinza);<\/p>\n\n\n\n<p>Auto Escola Santo Andr\u00e9 (Centro de Campina Grande)<\/p>\n","protected":false},"excerpt":{"rendered":"<p>Com a decisiva partida contra o Imperatriz agendada para o Amig\u00e3o, mas ainda com o desejo de transferir a peleja para o Presidente Vargas, a&hellip; <\/p>\n","protected":false},"author":1,"featured_media":87076,"comment_status":"closed","ping_status":"closed","sticky":false,"template":"","format":"standard","meta":{"sfsi_plus_gutenberg_text_before_share":"","sfsi_plus_gutenberg_show_text_before_share":"","sfsi_plus_gutenberg_icon_type":"","sfsi_plus_gutenberg_icon_alignemt":"","sfsi_plus_gutenburg_max_per_row":"","footnotes":""},"categories":[13],"tags":[],"class_list":["post-103925","post","type-post","status-publish","format-standard","has-post-thumbnail","hentry","category-esportes"],"_links":{"self":[{"href":"https:\/\/www.caririemacao.com\/1\/wp-json\/wp\/v2\/posts\/103925","targetHints":{"allow":["GET"]}}],"collection":[{"href":"https:\/\/www.caririemacao.com\/1\/wp-json\/wp\/v2\/posts"}],"about":[{"href":"https:\/\/www.caririemacao.com\/1\/wp-json\/wp\/v2\/types\/post"}],"author":[{"embeddable":true,"href":"https:\/\/www.caririemacao.com\/1\/wp-json\/wp\/v2\/users\/1"}],"replies":[{"embeddable":true,"href":"https:\/\/www.caririemacao.com\/1\/wp-json\/wp\/v2\/comments?post=103925"}],"version-history":[{"count":1,"href":"https:\/\/www.caririemacao.com\/1\/wp-json\/wp\/v2\/posts\/103925\/revisions"}],"predecessor-version":[{"id":103927,"href":"https:\/\/www.caririemacao.com\/1\/wp-json\/wp\/v2\/posts\/103925\/revisions\/103927"}],"wp:featuredmedia":[{"embeddable":true,"href":"https:\/\/www.caririemacao.com\/1\/wp-json\/wp\/v2\/media\/87076"}],"wp:attachment":[{"href":"https:\/\/www.caririemacao.com\/1\/wp-json\/wp\/v2\/media?parent=103925"}],"wp:term":[{"taxonomy":"category","embeddable":true,"href":"https:\/\/www.caririemacao.com\/1\/wp-json\/wp\/v2\/categories?post=103925"},{"taxonomy":"post_tag","embeddable":true,"href":"https:\/\/www.caririemacao.com\/1\/wp-json\/wp\/v2\/tags?post=103925"}],"curies":[{"name":"wp","href":"https:\/\/api.w.org\/{rel}","templated":true}]}}