{"id":103932,"date":"2019-07-09T15:28:06","date_gmt":"2019-07-09T18:28:06","guid":{"rendered":"http:\/\/www.caririemacao.com\/1\/?p=103932"},"modified":"2019-07-09T15:28:06","modified_gmt":"2019-07-09T18:28:06","slug":"pedala-sume-reuniu-centenas-de-ciclistas-no-ultimo-domingo-no-municipio","status":"publish","type":"post","link":"https:\/\/www.caririemacao.com\/1\/2019\/07\/09\/pedala-sume-reuniu-centenas-de-ciclistas-no-ultimo-domingo-no-municipio\/","title":{"rendered":"Pedala Sum\u00e9 reuniu centenas de ciclistas no \u00faltimo domingo no munic\u00edpio"},"content":{"rendered":"\n<p>No \u00faltimo final de semana, o munic\u00edpio de Sum\u00e9 foi o lugar de encontro de ciclistas de cidades da Para\u00edba, Rio Grande do Norte e Pernambuco que estiveram participando da 4\u00aa edi\u00e7\u00e3o do encontro de ciclistas, realizado pelo Grupo Pedala Sum\u00e9 e que teve total apoio da Prefeitura Municipal.<br>\nEstiveram participando 249 ciclistas das cidades de Jo\u00e3o Pessoa, Campina Grande, Monteiro, Congo, Prata, Zabel\u00ea, Coxixola, Teixeira, Princesa Isabel, Soledade, Juazeirinho, Ing\u00e1, Boa Vista, S\u00e3o Domingos do Cariri, Princesa Isabel, S\u00e3o Jos\u00e9 da Mata, Jata\u00faba, Caruaru, Cust\u00f3dia, Brejo da Madre de Deus, Arcoverde, S\u00e3o Jos\u00e9 do Egito, Afogados da Ingazeira e Carna\u00faba dos Dantas.<br>\nO evento come\u00e7ou no s\u00e1bado (06) com a subida na serra dos Sucurus para contempla\u00e7\u00e3o do p\u00f4r do sol do Cariri Paraibano, em seguida os participantes se dirigiram para o Gin\u00e1sio de Esportes Municipal para recebimento dos kits e confraterniza\u00e7\u00e3o com m\u00fasica ao vivo.<br>\nNo domingo, o passeio cicl\u00edstico come\u00e7ou \u00e0s 05h30 com caf\u00e9 da manh\u00e3 e sa\u00edda \u00e0s 07h.<br>\nAp\u00f3s o percurso de 32 km, percorrendo os s\u00edtios Pitombeira, Riach\u00e3o, S\u00edtio Oiti e Andorinha, os ciclistas se confraternizaram com almo\u00e7o, banho de piscina, m\u00fasica ao vivo e sorteio de brindes, no Gin\u00e1sio de Esportes Municipal.<br>\n\u201cEsse foi mais um evento impec\u00e1vel, em toda a sua estrutura, levando a todos os participantes, alegria, felicidade e prazer por todo o percurso. Com o cora\u00e7\u00e3o cheio de alegria e satisfa\u00e7\u00e3o deixo meu sentimento de gratid\u00e3o a todos da cidade de Sum\u00e9\u201d, avaliou o ciclista Farkas, do grupo Teachers Bike de Jo\u00e3o Pessoa.<br>\n\u201cAgradecemos o apoio da Prefeitura, em nome do prefeito \u00c9den Duarte, nossa parceira em todas as edi\u00e7\u00f5es do Pedala Sum\u00e9, a este evento que evidencia o esporte e a nossa cidade\u201d, disse o coordenador J\u00fanior Barros.<\/p>\n\n\n\n<p>Ascom PMS<\/p>\n","protected":false},"excerpt":{"rendered":"<p>No \u00faltimo final de semana, o munic\u00edpio de Sum\u00e9 foi o lugar de encontro de ciclistas de cidades da Para\u00edba, Rio Grande do Norte e&hellip; <\/p>\n","protected":false},"author":1,"featured_media":103933,"comment_status":"closed","ping_status":"closed","sticky":false,"template":"","format":"standard","meta":{"sfsi_plus_gutenberg_text_before_share":"","sfsi_plus_gutenberg_show_text_before_share":"","sfsi_plus_gutenberg_icon_type":"","sfsi_plus_gutenberg_icon_alignemt":"","sfsi_plus_gutenburg_max_per_row":"","footnotes":""},"categories":[2],"tags":[],"class_list":["post-103932","post","type-post","status-publish","format-standard","has-post-thumbnail","hentry","category-geral"],"_links":{"self":[{"href":"https:\/\/www.caririemacao.com\/1\/wp-json\/wp\/v2\/posts\/103932","targetHints":{"allow":["GET"]}}],"collection":[{"href":"https:\/\/www.caririemacao.com\/1\/wp-json\/wp\/v2\/posts"}],"about":[{"href":"https:\/\/www.caririemacao.com\/1\/wp-json\/wp\/v2\/types\/post"}],"author":[{"embeddable":true,"href":"https:\/\/www.caririemacao.com\/1\/wp-json\/wp\/v2\/users\/1"}],"replies":[{"embeddable":true,"href":"https:\/\/www.caririemacao.com\/1\/wp-json\/wp\/v2\/comments?post=103932"}],"version-history":[{"count":1,"href":"https:\/\/www.caririemacao.com\/1\/wp-json\/wp\/v2\/posts\/103932\/revisions"}],"predecessor-version":[{"id":103934,"href":"https:\/\/www.caririemacao.com\/1\/wp-json\/wp\/v2\/posts\/103932\/revisions\/103934"}],"wp:featuredmedia":[{"embeddable":true,"href":"https:\/\/www.caririemacao.com\/1\/wp-json\/wp\/v2\/media\/103933"}],"wp:attachment":[{"href":"https:\/\/www.caririemacao.com\/1\/wp-json\/wp\/v2\/media?parent=103932"}],"wp:term":[{"taxonomy":"category","embeddable":true,"href":"https:\/\/www.caririemacao.com\/1\/wp-json\/wp\/v2\/categories?post=103932"},{"taxonomy":"post_tag","embeddable":true,"href":"https:\/\/www.caririemacao.com\/1\/wp-json\/wp\/v2\/tags?post=103932"}],"curies":[{"name":"wp","href":"https:\/\/api.w.org\/{rel}","templated":true}]}}