{"id":103937,"date":"2019-07-09T15:32:10","date_gmt":"2019-07-09T18:32:10","guid":{"rendered":"http:\/\/www.caririemacao.com\/1\/?p=103937"},"modified":"2019-07-09T15:32:10","modified_gmt":"2019-07-09T18:32:10","slug":"oposicao-rejeita-acordo-com-partidos-pro-reforma-e-decide-obstruir-votacao-da-previdencia","status":"publish","type":"post","link":"https:\/\/www.caririemacao.com\/1\/2019\/07\/09\/oposicao-rejeita-acordo-com-partidos-pro-reforma-e-decide-obstruir-votacao-da-previdencia\/","title":{"rendered":"Oposi\u00e7\u00e3o rejeita acordo com partidos pr\u00f3-reforma e decide obstruir vota\u00e7\u00e3o da Previd\u00eancia"},"content":{"rendered":"\n<p>Ap\u00f3s reuni\u00e3o a portas fechadas, partidos de oposi\u00e7\u00e3o na C\u00e2mara dos Deputados decidiram no in\u00edcio da tarde desta ter\u00e7a-feira (9) rejeitar um acordo com os partidos favor\u00e1veis \u00e0 reforma da Previd\u00eancia para que n\u00e3o fizessem obstru\u00e7\u00e3o no plen\u00e1rio.<\/p>\n\n\n\n<p>O objetivo da proposta de acordo era evitar que fosse retardada a&nbsp;<a href=\"https:\/\/g1.globo.com\/politica\/noticia\/2019\/07\/09\/camara-deve-comecar-a-analisar-pec-da-previdencia-no-plenario-nesta-terca-entenda-a-votacao.ghtml\">vota\u00e7\u00e3o da proposta de emenda constitucional (PEC) sobre o assunto<\/a>, prevista para esta ter\u00e7a.<\/p>\n\n\n\n<p>Com a recusa ao acordo, as legendas de oposi\u00e7\u00e3o pretendem apresentar requerimentos regimentais, como de retirada de pauta e adiamento de vota\u00e7\u00e3o, que ter\u00e3o necessariamente de ser apreciados pelo plen\u00e1rio antes da vota\u00e7\u00e3o principal.<\/p>\n\n\n\n<p>Pelo acordo, a vota\u00e7\u00e3o do texto-base seria adiada desta ter\u00e7a para a manh\u00e3 de quarta-feira (10), com o compromisso dos partidos oposicionistas de apresentarem somente dois requerimentos.<\/p>\n\n\n\n<p>Na avalia\u00e7\u00e3o do l\u00edder da oposi\u00e7\u00e3o na C\u00e2mara, deputado Alessandro Molon (PSB-RJ), a vota\u00e7\u00e3o dos requerimentos de obstru\u00e7\u00e3o obrigar\u00e1 a presen\u00e7a constante no plen\u00e1rio dos parlamentares para vot\u00e1-los, o que, para o governo, poder\u00e1 representar uma dificuldade de manter elevado o qu\u00f3rum da sess\u00e3o.<\/p>\n\n\n\n<p>\u201cVamos apresentar os requerimentos de obstru\u00e7\u00e3o porque entendemos que, ao fazer obstru\u00e7\u00e3o, n\u00f3s obrigaremos a presen\u00e7a no plen\u00e1rio dos deputados em princ\u00edpio favor\u00e1veis \u00e0 PEC\u201d, afirmou.<\/p>\n\n\n\n<p>Segundo Molon, a avalia\u00e7\u00e3o da oposi\u00e7\u00e3o \u00e9 de que o governo n\u00e3o disp\u00f5e dos votos que tem anunciado para aprova\u00e7\u00e3o da mat\u00e9ria.<\/p>\n\n\n\n<p>\u201cNossa percep\u00e7\u00e3o at\u00e9 o momento \u00e9 de que o governo n\u00e3o tem os votos que diz ter. O governo blefa quando diz ter mais de 330 votos. Nossa percep\u00e7\u00e3o \u00e9 que governo n\u00e3o tem sequer 300 votos para aprovar a mat\u00e9ria\u201d, afirmou.<\/p>\n\n\n\n<p>Vice-l\u00edder do bloco da Minoria, o deputado Jos\u00e9 Guimar\u00e3es (PR-CE) afirmou que ser\u00e1 um \u201ckit [obstru\u00e7\u00e3o] amplo, geral e irrestrito\u201d.<\/p>\n\n\n\n<p>\u201cA oposi\u00e7\u00e3o sabe fazer a oposi\u00e7\u00e3o, tem instrumentos legais e democr\u00e1ticos. Com temos seguran\u00e7a de que o governo n\u00e3o tem os votos, vamos para obstru\u00e7\u00e3o para obrigar governo a ter que arrumar voto que ele n\u00e3o tem\u201d, declarou. \u201cTeremos pelo menos 72 horas de grandes tempestades aqui no plen\u00e1rio\u201d, acrescentou.<\/p>\n\n\n\n<p>Al\u00e9m dos requerimentos de obstru\u00e7\u00e3o, a oposi\u00e7\u00e3o planeja apresentar nove destaques (sugest\u00f5es para alterar o texto principal).<\/p>\n","protected":false},"excerpt":{"rendered":"<p>Ap\u00f3s reuni\u00e3o a portas fechadas, partidos de oposi\u00e7\u00e3o na C\u00e2mara dos Deputados decidiram no in\u00edcio da tarde desta ter\u00e7a-feira (9) rejeitar um acordo com os&hellip; <\/p>\n","protected":false},"author":1,"featured_media":103938,"comment_status":"closed","ping_status":"closed","sticky":false,"template":"","format":"standard","meta":{"sfsi_plus_gutenberg_text_before_share":"","sfsi_plus_gutenberg_show_text_before_share":"","sfsi_plus_gutenberg_icon_type":"","sfsi_plus_gutenberg_icon_alignemt":"","sfsi_plus_gutenburg_max_per_row":"","footnotes":""},"categories":[11],"tags":[],"class_list":["post-103937","post","type-post","status-publish","format-standard","has-post-thumbnail","hentry","category-politica"],"_links":{"self":[{"href":"https:\/\/www.caririemacao.com\/1\/wp-json\/wp\/v2\/posts\/103937","targetHints":{"allow":["GET"]}}],"collection":[{"href":"https:\/\/www.caririemacao.com\/1\/wp-json\/wp\/v2\/posts"}],"about":[{"href":"https:\/\/www.caririemacao.com\/1\/wp-json\/wp\/v2\/types\/post"}],"author":[{"embeddable":true,"href":"https:\/\/www.caririemacao.com\/1\/wp-json\/wp\/v2\/users\/1"}],"replies":[{"embeddable":true,"href":"https:\/\/www.caririemacao.com\/1\/wp-json\/wp\/v2\/comments?post=103937"}],"version-history":[{"count":1,"href":"https:\/\/www.caririemacao.com\/1\/wp-json\/wp\/v2\/posts\/103937\/revisions"}],"predecessor-version":[{"id":103939,"href":"https:\/\/www.caririemacao.com\/1\/wp-json\/wp\/v2\/posts\/103937\/revisions\/103939"}],"wp:featuredmedia":[{"embeddable":true,"href":"https:\/\/www.caririemacao.com\/1\/wp-json\/wp\/v2\/media\/103938"}],"wp:attachment":[{"href":"https:\/\/www.caririemacao.com\/1\/wp-json\/wp\/v2\/media?parent=103937"}],"wp:term":[{"taxonomy":"category","embeddable":true,"href":"https:\/\/www.caririemacao.com\/1\/wp-json\/wp\/v2\/categories?post=103937"},{"taxonomy":"post_tag","embeddable":true,"href":"https:\/\/www.caririemacao.com\/1\/wp-json\/wp\/v2\/tags?post=103937"}],"curies":[{"name":"wp","href":"https:\/\/api.w.org\/{rel}","templated":true}]}}