{"id":103942,"date":"2019-07-09T15:35:54","date_gmt":"2019-07-09T18:35:54","guid":{"rendered":"http:\/\/www.caririemacao.com\/1\/?p=103942"},"modified":"2019-07-09T15:35:54","modified_gmt":"2019-07-09T18:35:54","slug":"liberar-plantio-de-maconha-vai-abrir-porta-para-consumo-generalizado-diz-ministro","status":"publish","type":"post","link":"https:\/\/www.caririemacao.com\/1\/2019\/07\/09\/liberar-plantio-de-maconha-vai-abrir-porta-para-consumo-generalizado-diz-ministro\/","title":{"rendered":"Liberar plantio de maconha vai abrir porta para consumo generalizado, diz ministro"},"content":{"rendered":"\n<p>A libera\u00e7\u00e3o do plantio de Cannabis para pesquisa e produ\u00e7\u00e3o de medicamentos no Brasil dever\u00e1 abrir as portas para o consumo generalizado, afirmou nesta ter\u00e7a-feira (9) o ministro da Cidadania, Osmar Terra.<\/p>\n\n\n\n<p>&#8220;\u00c9 o come\u00e7o da legaliza\u00e7\u00e3o da maconha no Brasil&#8221;, afirmou o ministro. &#8220;Se abrir as portas do plantio, vai abrir as portas do consumo generalizado. A proibi\u00e7\u00e3o mant\u00e9m de alguma maneira controlado esse processo&#8221;, disse.<\/p>\n\n\n\n<p>Para Terra, que est\u00e1 \u00e0 frente de mudan\u00e7as recentes que tornaram mais r\u00edgida a pol\u00edtica de drogas, a proposta em discuss\u00e3o na Anvisa (Ag\u00eancia Nacional de Vigil\u00e2ncia Sanit\u00e1ria) dever\u00e1 aumentar a depend\u00eancia qu\u00edmica entre jovens.<\/p>\n\n\n\n<p>A ag\u00eancia, por\u00e9m, tem informado que a regula\u00e7\u00e3o ser\u00e1 restrita a empresas para pesquisa e produ\u00e7\u00e3o de rem\u00e9dios \u00e0 base da planta, com base em crit\u00e9rios de seguran\u00e7a, e sem espa\u00e7o para outros produtos ou uso recreativo. A venda de rem\u00e9dios tamb\u00e9m ser\u00e1 controlada, informa.<\/p>\n\n\n\n<p><strong>Leia mais<\/strong>:&nbsp;<a href=\"https:\/\/www.clickpb.com.br\/saude\/presidente-da-liga-canabica-revela-ao-clickpb-como-maconha-e-remedio-salvou-o-seu-filho-e-pode-ser-usada-em-mais-de-300-casos-263476.html\">Presidente da Liga Can\u00e1bica revela ao ClickPB como a maconha \u00e9 rem\u00e9dio, salvou o seu filho e pode ser usada em mais de 300 casos<\/a><br><\/p>\n\n\n\n<p>O ministro contesta. &#8220;Se n\u00e3o controla proibindo, imagina controlar no detalhe?&#8221;, afirmou em audi\u00eancia p\u00fablica no Senado sobre o uso medicinal da Cannabis.&nbsp;<\/p>\n\n\n\n<p>&#8220;N\u00e3o precisa plantar maconha para ter os rem\u00e9dios. Tem laborat\u00f3rio produzindo sinteticamente o canabidiol puro, sem o THC. N\u00e3o precisa plantar papoula para ter tratamento para a dor com a morfina&#8221;, comparou.<\/p>\n\n\n\n<p>A declara\u00e7\u00e3o exp\u00f5e o racha que ocorre entre membros do governo e da Anvisa em torno do uso medicinal da Cannabis.<\/p>\n\n\n\n<p>No \u00faltimo m\u00eas, a ag\u00eancia colocou em consulta p\u00fablica duas propostas sobre o tema: uma com regras para o plantio e outra para registro de medicamentos que podem ser gerados neste processo.<\/p>\n\n\n\n<p>Atualmente, o cultivo de maconha \u00e9 proibido no pa\u00eds. Desde 2006, no entanto, a lei 11.343 prev\u00ea a possibilidade de que a Uni\u00e3o autorize o plantio &#8220;para fins medicinais e cient\u00edficos em local e prazo predeterminados e mediante fiscaliza\u00e7\u00e3o&#8221; -da\u00ed a proposta de regulamenta\u00e7\u00e3o do tema.<\/p>\n\n\n\n<p>A ideia da Anvisa \u00e9 que o cultivo seja feito por empresas em locais fechados e com acesso controlado por biometria e outros dispositivos de seguran\u00e7a, ap\u00f3s obten\u00e7\u00e3o de licen\u00e7a especial. Tamb\u00e9m est\u00e3o previstas cotas de plantio e monitoramento por \u00f3rg\u00e3os como a Pol\u00edcia Federal.<\/p>\n\n\n\n<p>O objetivo \u00e9 aumentar o acesso a medicamentos feitos \u00e0 base de derivados da planta, como o canabidiol. Desde 2015, a Anvisa autoriza a importa\u00e7\u00e3o de \u00f3leos e medicamentos \u00e0 base da subst\u00e2ncia, reconhecida por ter efeitos terap\u00eauticos para alguns quadros e n\u00e3o ser psicoativa.&nbsp;<\/p>\n\n\n\n<p>Ao todo, 6.789 pacientes j\u00e1 obtiveram o aval, a maioria para epilepsia, autismo, dor cr\u00f4nica, doen\u00e7a de Parkinson e alguns tipos de c\u00e2ncer. Pacientes, no entanto, reclamam dos custos e da dificuldade de acesso. Em alguns casos, um tratamento por tr\u00eas meses fica em torno de R$ 2.000, o que tem feito crescerem as a\u00e7\u00f5es judiciais para que planos de sa\u00fade e no SUS forne\u00e7am os produtos.&nbsp;<\/p>\n\n\n\n<p>Antes de deixar o local, Terra pediu a senadores que &#8220;n\u00e3o permitam&#8221; que a libera\u00e7\u00e3o do plantio aconte\u00e7a. &#8220;N\u00e3o existe maconha medicinal&#8221;, afirmou.<\/p>\n\n\n\n<p>Leandro Ramires, presidente da Associa\u00e7\u00e3o Brasileira de Pacientes de Cannabis Medicinal, rebateu as declara\u00e7\u00f5es do ministro. &#8220;Cannabis n\u00e3o \u00e9 esse crime. A epidemia [de drogas] dita aqui \u00e9 bem diferente de estudos que poderiam ter sido colocados p\u00fablicos e n\u00e3o foram&#8221;, afirmou, em refer\u00eancia a estudo elaborado pela Fiocruz cuja publica\u00e7\u00e3o foi engavetada pela Senad (Secretaria Nacional de Pol\u00edticas Sobre Drogas). Segundo pesquisadores da \u00e1rea, o resultado demonstrou que o pa\u00eds n\u00e3o vive uma epidemia de drogas, especialmente de crack.<\/p>\n\n\n\n<p>O diretor-presidente da Anvisa, William Dib, deve participar do debate \u00e0 tarde, junto com representantes do Conselho Federal de Medicina. Outra audi\u00eancia sobre o mesmo tema est\u00e1 prevista para ocorrer na C\u00e2mara.&nbsp;<\/p>\n\n\n\n<p>Nesta ter\u00e7a, a diretoria da Anvisa tamb\u00e9m aprovou a abertura de uma audi\u00eancia p\u00fablica sobre o tema. O debate est\u00e1 marcado para 31 de julho. A ideia \u00e9 coletar mais subs\u00eddios para a regulamenta\u00e7\u00e3o do plantio no pa\u00eds.<\/p>\n\n\n\n<p>Durante a reuni\u00e3o, Dib afirmou que a proposta dever\u00e1 dar mais seguran\u00e7a a pacientes que buscam \u00f3leos e extratos \u00e0 base de Cannabis, &#8220;n\u00e3o tendo que submeter ao contrabando para ser atendido&#8221;.<\/p>\n","protected":false},"excerpt":{"rendered":"<p>A libera\u00e7\u00e3o do plantio de Cannabis para pesquisa e produ\u00e7\u00e3o de medicamentos no Brasil dever\u00e1 abrir as portas para o consumo generalizado, afirmou nesta ter\u00e7a-feira&hellip; <\/p>\n","protected":false},"author":1,"featured_media":103943,"comment_status":"closed","ping_status":"closed","sticky":false,"template":"","format":"standard","meta":{"sfsi_plus_gutenberg_text_before_share":"","sfsi_plus_gutenberg_show_text_before_share":"","sfsi_plus_gutenberg_icon_type":"","sfsi_plus_gutenberg_icon_alignemt":"","sfsi_plus_gutenburg_max_per_row":"","footnotes":""},"categories":[11],"tags":[],"class_list":["post-103942","post","type-post","status-publish","format-standard","has-post-thumbnail","hentry","category-politica"],"_links":{"self":[{"href":"https:\/\/www.caririemacao.com\/1\/wp-json\/wp\/v2\/posts\/103942","targetHints":{"allow":["GET"]}}],"collection":[{"href":"https:\/\/www.caririemacao.com\/1\/wp-json\/wp\/v2\/posts"}],"about":[{"href":"https:\/\/www.caririemacao.com\/1\/wp-json\/wp\/v2\/types\/post"}],"author":[{"embeddable":true,"href":"https:\/\/www.caririemacao.com\/1\/wp-json\/wp\/v2\/users\/1"}],"replies":[{"embeddable":true,"href":"https:\/\/www.caririemacao.com\/1\/wp-json\/wp\/v2\/comments?post=103942"}],"version-history":[{"count":1,"href":"https:\/\/www.caririemacao.com\/1\/wp-json\/wp\/v2\/posts\/103942\/revisions"}],"predecessor-version":[{"id":103944,"href":"https:\/\/www.caririemacao.com\/1\/wp-json\/wp\/v2\/posts\/103942\/revisions\/103944"}],"wp:featuredmedia":[{"embeddable":true,"href":"https:\/\/www.caririemacao.com\/1\/wp-json\/wp\/v2\/media\/103943"}],"wp:attachment":[{"href":"https:\/\/www.caririemacao.com\/1\/wp-json\/wp\/v2\/media?parent=103942"}],"wp:term":[{"taxonomy":"category","embeddable":true,"href":"https:\/\/www.caririemacao.com\/1\/wp-json\/wp\/v2\/categories?post=103942"},{"taxonomy":"post_tag","embeddable":true,"href":"https:\/\/www.caririemacao.com\/1\/wp-json\/wp\/v2\/tags?post=103942"}],"curies":[{"name":"wp","href":"https:\/\/api.w.org\/{rel}","templated":true}]}}