{"id":103953,"date":"2019-07-09T15:46:47","date_gmt":"2019-07-09T18:46:47","guid":{"rendered":"http:\/\/www.caririemacao.com\/1\/?p=103953"},"modified":"2019-07-09T15:46:47","modified_gmt":"2019-07-09T18:46:47","slug":"prefeitura-de-sao-jose-dos-cordeiros-promovera-2a-edicao-de-plenarias-do-orcamento-democratico-veja-o-cronograma","status":"publish","type":"post","link":"https:\/\/www.caririemacao.com\/1\/2019\/07\/09\/prefeitura-de-sao-jose-dos-cordeiros-promovera-2a-edicao-de-plenarias-do-orcamento-democratico-veja-o-cronograma\/","title":{"rendered":"Prefeitura de S\u00e3o Jos\u00e9 dos Cordeiros promover\u00e1 2\u00aa edi\u00e7\u00e3o de plen\u00e1rias do Or\u00e7amento Democr\u00e1tico; veja o cronograma"},"content":{"rendered":"\n<p>O prefeito Jefferson Roberto (PSB), divulgou atrav\u00e9s de suas redes sociais, o cronograma das plen\u00e1rias Or\u00e7amento Democr\u00e1tico Municipal (ODM) que a atual gest\u00e3o ir\u00e1 promover em todo o munic\u00edpio de S\u00e3o Jos\u00e9 dos Cordeiros. Esta \u00e9 a segunda edi\u00e7\u00e3o da pol\u00edtica p\u00fablica implantada na atual gest\u00e3o e o objetivo \u00e9 ouvir as prioridades de cada comunidade rural e dos bairros de S\u00e3o Jos\u00e9 dos Cordeiros, para nortear as a\u00e7\u00f5es administrativas ao longo do pr\u00f3ximo ano.<\/p>\n\n\n\n<p>Com a realiza\u00e7\u00e3o do Or\u00e7amento Democr\u00e1tico Municipal , o prefeito Jefferson estabelece mais um canal de participa\u00e7\u00e3o ativa da popula\u00e7\u00e3o para que a mesma aponte qual \u00e9 a melhor forma de aplicar os recursos p\u00fablicos em obras e servi\u00e7os, al\u00e9m de ser mais uma meta do seu plano de governo a ser cumprida.<\/p>\n\n\n\n<p>As assembleias do ODM ser\u00e3o coordenadas por uma equipe administrativa da pr\u00f3pria gest\u00e3o. De acordo com o prefeito Jefferson Roberto, a import\u00e2ncia maior das assembleias est\u00e1 no fato da administra\u00e7\u00e3o poder planejar o futuro da cidade junto com a popula\u00e7\u00e3o. \u201c\u00c9 uma forma de inclus\u00e3o das pessoas que geralmente n\u00e3o t\u00eam voz no processo de distribui\u00e7\u00e3o do or\u00e7amento para aplica\u00e7\u00e3o correta de recursos e defini\u00e7\u00e3o das quest\u00f5es priorit\u00e1rias que ser\u00e3o realizadas pela gest\u00e3o\u201d, destacou o gestor.<\/p>\n\n\n\n<p>As plen\u00e1rias do Or\u00e7amento Democr\u00e1tico Municipal ter\u00e3o in\u00edcio na pr\u00f3xima quarta-feira, dia 10 de julho, e ir\u00e3o se estender at\u00e9 o dia 18 do corrente m\u00eas.<\/p>\n\n\n\n<p><strong>Confira o cronograma das plen\u00e1rias do ODM que ser\u00e1 realizada em todas as comunidades em S\u00e3o Jos\u00e9 dos Cordeiros:<\/strong><\/p>\n\n\n\n<div class=\"wp-block-image\"><figure class=\"aligncenter\"><img decoding=\"async\" data-src=\"http:\/\/deolhonocariri.com.br\/wp-content\/uploads\/2019\/07\/66126017_1737013199765840_6492049183384535040_n-600x600.jpg\" alt=\"\" class=\"wp-image-68871 lazyload\" src=\"data:image\/svg+xml;base64,PHN2ZyB3aWR0aD0iMSIgaGVpZ2h0PSIxIiB4bWxucz0iaHR0cDovL3d3dy53My5vcmcvMjAwMC9zdmciPjwvc3ZnPg==\" style=\"--smush-placeholder-width: 600px; --smush-placeholder-aspect-ratio: 600\/600;\" \/><\/figure><\/div>\n","protected":false},"excerpt":{"rendered":"<p>O prefeito Jefferson Roberto (PSB), divulgou atrav\u00e9s de suas redes sociais, o cronograma das plen\u00e1rias Or\u00e7amento Democr\u00e1tico Municipal (ODM) que a atual gest\u00e3o ir\u00e1 promover&hellip; <\/p>\n","protected":false},"author":1,"featured_media":103954,"comment_status":"closed","ping_status":"closed","sticky":false,"template":"","format":"standard","meta":{"sfsi_plus_gutenberg_text_before_share":"","sfsi_plus_gutenberg_show_text_before_share":"","sfsi_plus_gutenberg_icon_type":"","sfsi_plus_gutenberg_icon_alignemt":"","sfsi_plus_gutenburg_max_per_row":"","footnotes":""},"categories":[6],"tags":[],"class_list":["post-103953","post","type-post","status-publish","format-standard","has-post-thumbnail","hentry","category-cidades"],"_links":{"self":[{"href":"https:\/\/www.caririemacao.com\/1\/wp-json\/wp\/v2\/posts\/103953","targetHints":{"allow":["GET"]}}],"collection":[{"href":"https:\/\/www.caririemacao.com\/1\/wp-json\/wp\/v2\/posts"}],"about":[{"href":"https:\/\/www.caririemacao.com\/1\/wp-json\/wp\/v2\/types\/post"}],"author":[{"embeddable":true,"href":"https:\/\/www.caririemacao.com\/1\/wp-json\/wp\/v2\/users\/1"}],"replies":[{"embeddable":true,"href":"https:\/\/www.caririemacao.com\/1\/wp-json\/wp\/v2\/comments?post=103953"}],"version-history":[{"count":1,"href":"https:\/\/www.caririemacao.com\/1\/wp-json\/wp\/v2\/posts\/103953\/revisions"}],"predecessor-version":[{"id":103955,"href":"https:\/\/www.caririemacao.com\/1\/wp-json\/wp\/v2\/posts\/103953\/revisions\/103955"}],"wp:featuredmedia":[{"embeddable":true,"href":"https:\/\/www.caririemacao.com\/1\/wp-json\/wp\/v2\/media\/103954"}],"wp:attachment":[{"href":"https:\/\/www.caririemacao.com\/1\/wp-json\/wp\/v2\/media?parent=103953"}],"wp:term":[{"taxonomy":"category","embeddable":true,"href":"https:\/\/www.caririemacao.com\/1\/wp-json\/wp\/v2\/categories?post=103953"},{"taxonomy":"post_tag","embeddable":true,"href":"https:\/\/www.caririemacao.com\/1\/wp-json\/wp\/v2\/tags?post=103953"}],"curies":[{"name":"wp","href":"https:\/\/api.w.org\/{rel}","templated":true}]}}