{"id":103960,"date":"2019-07-09T15:56:24","date_gmt":"2019-07-09T18:56:24","guid":{"rendered":"http:\/\/www.caririemacao.com\/1\/?p=103960"},"modified":"2019-07-09T15:56:24","modified_gmt":"2019-07-09T18:56:24","slug":"ricardo-sobre-reforma-nao-podemos-jamais-subscrever-crime-tao-grave-contra-os-brasileiros","status":"publish","type":"post","link":"https:\/\/www.caririemacao.com\/1\/2019\/07\/09\/ricardo-sobre-reforma-nao-podemos-jamais-subscrever-crime-tao-grave-contra-os-brasileiros\/","title":{"rendered":"Ricardo sobre reforma: \u201cn\u00e3o podemos jamais subscrever crime t\u00e3o grave contra os brasileiros\u201d"},"content":{"rendered":"\n<p>O ex-governador da Para\u00edba Ricardo Coutinho participou nessa segunda-feira (8) da reuni\u00e3o do diret\u00f3rio nacional do PSB que fechou quest\u00e3o contra a reforma da Previd\u00eancia, que deve ser votada na C\u00e2mara dos Deputados nesta semana. Segundo o socialista, apoiar a proposta \u00e9 \u201cassinar embaixo\u201d um crime contra o povo brasileiro.<\/p>\n\n\n\n<p>\u201cN\u00e3o podemos assinar embaixo essa loucura contra os trabalhadores e o povo que est\u00e3o propondo para o Brasil. Ningu\u00e9m ache que vamos resolver que n\u00f3s vamos resolver o problema do Brasil com [reforma] da Previd\u00eancia. N\u00f3s sim, avan\u00e7amos na resolu\u00e7\u00e3o do problema do Brasil com a Economia, com a mudan\u00e7a de Economia. Com combate ao liberalismo, com a prote\u00e7\u00e3o do nosso patrim\u00f4nio p\u00fablico\u201d, afirmou.<\/p>\n\n\n\n<p>Segundo Ricardo, a reforma proposta pelo governo Bolsonaro, atrav\u00e9s do ministro Paulo Guedes, vai impedir que cerca de 70% dos trabalhadores brasileiros de atingir a aposentadoria e se o PSB votasse a favor, estaria \u201cdestruindo a necessidade de uma na\u00e7\u00e3o inteira\u201d.<\/p>\n\n\n\n<p>\u201cN\u00e3o podemos jamais subscrever um crime t\u00e3o grave que vai impedir que cerca de 70% dos trabalhadores brasileiros, particularmente aqueles da base da pir\u00e2mide trabalhista, possam alcan\u00e7ar como direito de vida a sua aposentadoria. Se o PSB votar por isso estaria efetivamente destruindo a necessidade de uma na\u00e7\u00e3o inteira\u201d, concluiu.<\/p>\n","protected":false},"excerpt":{"rendered":"<p>O ex-governador da Para\u00edba Ricardo Coutinho participou nessa segunda-feira (8) da reuni\u00e3o do diret\u00f3rio nacional do PSB que fechou quest\u00e3o contra a reforma da Previd\u00eancia,&hellip; <\/p>\n","protected":false},"author":1,"featured_media":99083,"comment_status":"closed","ping_status":"closed","sticky":false,"template":"","format":"standard","meta":{"sfsi_plus_gutenberg_text_before_share":"","sfsi_plus_gutenberg_show_text_before_share":"","sfsi_plus_gutenberg_icon_type":"","sfsi_plus_gutenberg_icon_alignemt":"","sfsi_plus_gutenburg_max_per_row":"","footnotes":""},"categories":[11],"tags":[],"class_list":["post-103960","post","type-post","status-publish","format-standard","has-post-thumbnail","hentry","category-politica"],"_links":{"self":[{"href":"https:\/\/www.caririemacao.com\/1\/wp-json\/wp\/v2\/posts\/103960","targetHints":{"allow":["GET"]}}],"collection":[{"href":"https:\/\/www.caririemacao.com\/1\/wp-json\/wp\/v2\/posts"}],"about":[{"href":"https:\/\/www.caririemacao.com\/1\/wp-json\/wp\/v2\/types\/post"}],"author":[{"embeddable":true,"href":"https:\/\/www.caririemacao.com\/1\/wp-json\/wp\/v2\/users\/1"}],"replies":[{"embeddable":true,"href":"https:\/\/www.caririemacao.com\/1\/wp-json\/wp\/v2\/comments?post=103960"}],"version-history":[{"count":1,"href":"https:\/\/www.caririemacao.com\/1\/wp-json\/wp\/v2\/posts\/103960\/revisions"}],"predecessor-version":[{"id":103961,"href":"https:\/\/www.caririemacao.com\/1\/wp-json\/wp\/v2\/posts\/103960\/revisions\/103961"}],"wp:featuredmedia":[{"embeddable":true,"href":"https:\/\/www.caririemacao.com\/1\/wp-json\/wp\/v2\/media\/99083"}],"wp:attachment":[{"href":"https:\/\/www.caririemacao.com\/1\/wp-json\/wp\/v2\/media?parent=103960"}],"wp:term":[{"taxonomy":"category","embeddable":true,"href":"https:\/\/www.caririemacao.com\/1\/wp-json\/wp\/v2\/categories?post=103960"},{"taxonomy":"post_tag","embeddable":true,"href":"https:\/\/www.caririemacao.com\/1\/wp-json\/wp\/v2\/tags?post=103960"}],"curies":[{"name":"wp","href":"https:\/\/api.w.org\/{rel}","templated":true}]}}