{"id":103981,"date":"2019-07-10T08:09:12","date_gmt":"2019-07-10T11:09:12","guid":{"rendered":"http:\/\/www.caririemacao.com\/1\/?p=103981"},"modified":"2019-07-10T08:09:12","modified_gmt":"2019-07-10T11:09:12","slug":"prima-abre-inscricoes-com-203-vagas-para-aulas-gratuitas-de-musica-e-artes-na-paraiba","status":"publish","type":"post","link":"https:\/\/www.caririemacao.com\/1\/2019\/07\/10\/prima-abre-inscricoes-com-203-vagas-para-aulas-gratuitas-de-musica-e-artes-na-paraiba\/","title":{"rendered":"Prima abre inscri\u00e7\u00f5es com 203 vagas para aulas gratuitas de m\u00fasica e artes na Para\u00edba"},"content":{"rendered":"\n<p>O Projeto de Inclus\u00e3o Social atrav\u00e9s da M\u00fasica e das Artes (Prima) abriu inscri\u00e7\u00f5es com 203 vagss para a Para\u00edba.&nbsp; As inscri\u00e7\u00f5es acontecem at\u00e9 o dia 19 de julho e os interessados devem ter a partir de oito anos de idade.&nbsp;<\/p>\n\n\n\n<p>As aulas s\u00e3o gratuitas e ocorrem em 23 polos, situados em diferentes munic\u00edpios.<\/p>\n","protected":false},"excerpt":{"rendered":"<p>O Projeto de Inclus\u00e3o Social atrav\u00e9s da M\u00fasica e das Artes (Prima) abriu inscri\u00e7\u00f5es com 203 vagss para a Para\u00edba.&nbsp; As inscri\u00e7\u00f5es acontecem at\u00e9 o&hellip; <\/p>\n","protected":false},"author":1,"featured_media":103982,"comment_status":"closed","ping_status":"closed","sticky":false,"template":"","format":"standard","meta":{"sfsi_plus_gutenberg_text_before_share":"","sfsi_plus_gutenberg_show_text_before_share":"","sfsi_plus_gutenberg_icon_type":"","sfsi_plus_gutenberg_icon_alignemt":"","sfsi_plus_gutenburg_max_per_row":"","footnotes":""},"categories":[2],"tags":[],"class_list":["post-103981","post","type-post","status-publish","format-standard","has-post-thumbnail","hentry","category-geral"],"_links":{"self":[{"href":"https:\/\/www.caririemacao.com\/1\/wp-json\/wp\/v2\/posts\/103981","targetHints":{"allow":["GET"]}}],"collection":[{"href":"https:\/\/www.caririemacao.com\/1\/wp-json\/wp\/v2\/posts"}],"about":[{"href":"https:\/\/www.caririemacao.com\/1\/wp-json\/wp\/v2\/types\/post"}],"author":[{"embeddable":true,"href":"https:\/\/www.caririemacao.com\/1\/wp-json\/wp\/v2\/users\/1"}],"replies":[{"embeddable":true,"href":"https:\/\/www.caririemacao.com\/1\/wp-json\/wp\/v2\/comments?post=103981"}],"version-history":[{"count":1,"href":"https:\/\/www.caririemacao.com\/1\/wp-json\/wp\/v2\/posts\/103981\/revisions"}],"predecessor-version":[{"id":103983,"href":"https:\/\/www.caririemacao.com\/1\/wp-json\/wp\/v2\/posts\/103981\/revisions\/103983"}],"wp:featuredmedia":[{"embeddable":true,"href":"https:\/\/www.caririemacao.com\/1\/wp-json\/wp\/v2\/media\/103982"}],"wp:attachment":[{"href":"https:\/\/www.caririemacao.com\/1\/wp-json\/wp\/v2\/media?parent=103981"}],"wp:term":[{"taxonomy":"category","embeddable":true,"href":"https:\/\/www.caririemacao.com\/1\/wp-json\/wp\/v2\/categories?post=103981"},{"taxonomy":"post_tag","embeddable":true,"href":"https:\/\/www.caririemacao.com\/1\/wp-json\/wp\/v2\/tags?post=103981"}],"curies":[{"name":"wp","href":"https:\/\/api.w.org\/{rel}","templated":true}]}}