{"id":103992,"date":"2019-07-10T08:27:17","date_gmt":"2019-07-10T11:27:17","guid":{"rendered":"http:\/\/www.caririemacao.com\/1\/?p=103992"},"modified":"2019-07-10T08:27:17","modified_gmt":"2019-07-10T11:27:17","slug":"profissionais-ligados-a-seguranca-podem-sair-da-reforma-diz-bolsonaro","status":"publish","type":"post","link":"https:\/\/www.caririemacao.com\/1\/2019\/07\/10\/profissionais-ligados-a-seguranca-podem-sair-da-reforma-diz-bolsonaro\/","title":{"rendered":"Profissionais ligados \u00e0 seguran\u00e7a podem sair da reforma, diz Bolsonaro"},"content":{"rendered":"\n<p>O\u00a0presidente Jair Bolsonaro afirmou hoje (9), ap\u00f3s participar de um evento, em Bras\u00edlia, que categorias profissionais ligadas \u00e0 seguran\u00e7a p\u00fablica podem ser retiradas da proposta de emenda \u00e0 Constitui\u00e7\u00e3o da Previd\u00eancia, marcada para come\u00e7ar a ser votada ainda nesta ter\u00e7a-feira (9) no plen\u00e1rio da C\u00e2mara dos Deputados.<\/p>\n\n\n\n<p>&#8220;Pelo que tudo indica, o que chegou ao meu conhecimento \u00e9 que essas classes voltadas para a seguran\u00e7a p\u00fablica dever\u00e3o sair da proposta de emenda \u00e0 Constitui\u00e7\u00e3o e compor uma lei complementar, t\u00e3o logo seja promulgada essa emenda \u00e0 Constitui\u00e7\u00e3o&#8221;, disse.<\/p>\n\n\n\n<p>A medida poderia atingir policiais federais, rodovi\u00e1rios federais e legislativos, al\u00e9m de agentes penitenci\u00e1rios federais. Pelo texto-base aprovado na comiss\u00e3o especial, na semana passada, essas categorias se aposentar\u00e3o aos 55 anos de idade, com 30 anos de contribui\u00e7\u00e3o e 25 anos de exerc\u00edcio efetivo na carreira, independentemente de distin\u00e7\u00e3o de sexo. O tempo de contribui\u00e7\u00e3o ser\u00e1 progressivo at\u00e9 chegar em 20 anos para mulheres e 25 para homens.<\/p>\n\n\n\n<p>Segmentos como bombeiros e policiais militares j\u00e1 est\u00e3o fora da reforma da Previd\u00eancia, j\u00e1 que servidores p\u00fablicos de estados e munic\u00edpios foram exclu\u00eddos da mudan\u00e7a. Eles devem ser inclu\u00eddos nas mesmas regras da reforma da Previd\u00eancia das For\u00e7as Armadas, que tramita em um projeto paralelo.<\/p>\n\n\n\n<p>O presidente voltou a dizer que todas categorias profissionais est\u00e3o colaborando com a reforma e negou que haja privil\u00e9gio aos policiais. &#8220;Todo mundo est\u00e1 colaborando, de uma forma ou de outra, com a Previd\u00eancia. Agora, privil\u00e9gio, essa classe nunca teve. Ent\u00e3o, o ajuste passa por a\u00ed&#8221;, disse. Ainda segundo o presidente, seria preciso &#8220;desfazer poss\u00edveis injusti\u00e7as&#8221;.<\/p>\n\n\n\n<p>&#8220;Uma ou outra categoria que sente prejudicada, \u00e9 justo o reclame deles&#8221;.<\/p>\n\n\n\n<p><strong>Emendas<\/strong><br><\/p>\n\n\n\n<p>Sobre a libera\u00e7\u00e3o de emendas parlamentares pelo governo federal, Bolsonaro disse que tudo est\u00e1 sendo feito com base na legisla\u00e7\u00e3o e negou troca de favores com parlamentares. &#8220;Tudo que \u00e9 liberado est\u00e1 no or\u00e7amento, ent\u00e3o eu gostaria de liberar tudo que est\u00e1 no or\u00e7amento. Ent\u00e3o, quando acontece uma situa\u00e7\u00e3o como essa, \u00e9 normal, no meu entender. Nada foi inventado, n\u00e3o tem mala, n\u00e3o tem conversa escondidinha em lugar nenhum, \u00e9 tudo \u00e0 luz da legisla\u00e7\u00e3o. \u00c9 isso que deve estar acontecendo, com toda certeza&#8221;, acrescentou.<\/p>\n","protected":false},"excerpt":{"rendered":"<p>O\u00a0presidente Jair Bolsonaro afirmou hoje (9), ap\u00f3s participar de um evento, em Bras\u00edlia, que categorias profissionais ligadas \u00e0 seguran\u00e7a p\u00fablica podem ser retiradas da proposta&hellip; <\/p>\n","protected":false},"author":1,"featured_media":103993,"comment_status":"closed","ping_status":"closed","sticky":false,"template":"","format":"standard","meta":{"sfsi_plus_gutenberg_text_before_share":"","sfsi_plus_gutenberg_show_text_before_share":"","sfsi_plus_gutenberg_icon_type":"","sfsi_plus_gutenberg_icon_alignemt":"","sfsi_plus_gutenburg_max_per_row":"","footnotes":""},"categories":[11],"tags":[],"class_list":["post-103992","post","type-post","status-publish","format-standard","has-post-thumbnail","hentry","category-politica"],"_links":{"self":[{"href":"https:\/\/www.caririemacao.com\/1\/wp-json\/wp\/v2\/posts\/103992","targetHints":{"allow":["GET"]}}],"collection":[{"href":"https:\/\/www.caririemacao.com\/1\/wp-json\/wp\/v2\/posts"}],"about":[{"href":"https:\/\/www.caririemacao.com\/1\/wp-json\/wp\/v2\/types\/post"}],"author":[{"embeddable":true,"href":"https:\/\/www.caririemacao.com\/1\/wp-json\/wp\/v2\/users\/1"}],"replies":[{"embeddable":true,"href":"https:\/\/www.caririemacao.com\/1\/wp-json\/wp\/v2\/comments?post=103992"}],"version-history":[{"count":1,"href":"https:\/\/www.caririemacao.com\/1\/wp-json\/wp\/v2\/posts\/103992\/revisions"}],"predecessor-version":[{"id":103994,"href":"https:\/\/www.caririemacao.com\/1\/wp-json\/wp\/v2\/posts\/103992\/revisions\/103994"}],"wp:featuredmedia":[{"embeddable":true,"href":"https:\/\/www.caririemacao.com\/1\/wp-json\/wp\/v2\/media\/103993"}],"wp:attachment":[{"href":"https:\/\/www.caririemacao.com\/1\/wp-json\/wp\/v2\/media?parent=103992"}],"wp:term":[{"taxonomy":"category","embeddable":true,"href":"https:\/\/www.caririemacao.com\/1\/wp-json\/wp\/v2\/categories?post=103992"},{"taxonomy":"post_tag","embeddable":true,"href":"https:\/\/www.caririemacao.com\/1\/wp-json\/wp\/v2\/tags?post=103992"}],"curies":[{"name":"wp","href":"https:\/\/api.w.org\/{rel}","templated":true}]}}