{"id":104003,"date":"2019-07-10T09:36:59","date_gmt":"2019-07-10T12:36:59","guid":{"rendered":"http:\/\/www.caririemacao.com\/1\/?p=104003"},"modified":"2019-07-10T09:36:59","modified_gmt":"2019-07-10T12:36:59","slug":"paulo-guedes-nega-ter-ordenado-investigacao-sobre-jornalista-do-the-intercept","status":"publish","type":"post","link":"https:\/\/www.caririemacao.com\/1\/2019\/07\/10\/paulo-guedes-nega-ter-ordenado-investigacao-sobre-jornalista-do-the-intercept\/","title":{"rendered":"Paulo Guedes nega ter ordenado investiga\u00e7\u00e3o sobre jornalista do The Intercept"},"content":{"rendered":"\n<p>O ministro da Economia, Paulo Guedes, negou ter ordenado qualquer investiga\u00e7\u00e3o por parte do Conselho de Controle de Atividades Financeiras (Coaf) das movimenta\u00e7\u00f5es financeiras do jornalista Glenn Greenwald, fundador do site The Intercept Brasil. O ministro respondeu a requerimento do Tribunal de Contas da Uni\u00e3o (TCU), que pediu esclarecimentos \u00e0 pasta sobre poss\u00edveis investiga\u00e7\u00f5es da situa\u00e7\u00e3o financeira do jornalista.<\/p>\n\n\n\n<p>Em of\u00edcio encaminhado ao TCU, Guedes informou n\u00e3o ter conhecimento sobre \u201cos fatos noticiados nos autos\u201d, referindo-se \u00e0 investiga\u00e7\u00e3o do jornalista. O ministro informou que o Coaf tem autonomia t\u00e9cnica para abrir investiga\u00e7\u00f5es sem seu conhecimento, mas negou ter emitido qualquer ordem nesse sentido.<\/p>\n\n\n\n<p>\u201c[O signat\u00e1rio] n\u00e3o tomou parte de nenhuma quest\u00e3o relacionada aos fatos e situa\u00e7\u00f5es ali descritos [poss\u00edvel investiga\u00e7\u00e3o de Greenwald], n\u00e3o havendo, por conseguinte, orientado ou determinado nenhuma provid\u00eancia por parte do Conselho de Controle de Atividades Financeiras em eventuais investiga\u00e7\u00f5es levadas a efeito, atinentes \u00e0 representa\u00e7\u00e3o citada\u201d, destacou Guedes no of\u00edcio.<\/p>\n\n\n\n<p>Em of\u00edcio separado assinado eletronicamente, o presidente substituto do Coaf, Jorge Luiz Alves Caetano, informou que o \u00f3rg\u00e3o n\u00e3o se pronuncia sobre \u201ccasos concretos\u201d, sob a alega\u00e7\u00e3o de manuten\u00e7\u00e3o de sigilo fiscal. Ele n\u00e3o respondeu se a Pol\u00edcia Federal chegou a pedir investiga\u00e7\u00e3o nem se o Coaf come\u00e7ou a monitorar as movimenta\u00e7\u00f5es financeiras de Greenwald.<\/p>\n\n\n\n<p>\u201cNa hip\u00f3tese ora figurada, \u00e9 importante reiterar que tanto interc\u00e2mbio porventura iniciado pela Pol\u00edcia Federal quanto eventual RIF [Relat\u00f3rio de Intelig\u00eancia Financeira] disseminado seguiriam cobertos pelo sigilo imposto pela Constitui\u00e7\u00e3o Federal e pelas leis do Pa\u00eds, ressalvadas as estritas hip\u00f3teses de quebra de sigilo. Por essa raz\u00e3o ao longo de vinte anos de exist\u00eancia, o Coaf n\u00e3o se pronuncia sobre caso concreto, tampouco acerca de mat\u00e9rias e especula\u00e7\u00f5es jornal\u00edsticas ou de qualquer natureza\u201d, escreveu Caetano.<\/p>\n\n\n\n<p><strong>Entenda o caso<\/strong><\/p>\n\n\n\n<p>Na noite de sexta-feira (5), o ministro do TCU Bruno Dantas deu prazo de 24 horas para que o ministro da Economia prestasse esclarecimentos ao \u00f3rg\u00e3o, por\u00e9m s\u00f3 hoje chegaram as notifica\u00e7\u00f5es. Segundo o minist\u00e9rio, o primeiro pedido foi enviado diretamente ao Coaf e foi entregue ontem (8) \u00e0s 15h, enquanto o segundo pedido, endere\u00e7ado ao ministro Paulo Guedes, foi recebido tamb\u00e9m ontem (8) \u00e0s 15h25. A pasta tinha se comprometido a responder aos dois requerimentos em 24 horas.<\/p>\n\n\n\n<p>O Intercept Brasil tem divulgado trocas de mensagens atribu\u00eddas a procuradores da Lava Jato e ao ministro da Justi\u00e7a e Seguran\u00e7a P\u00fablica, Sergio Moro, ent\u00e3o juiz que comandava as a\u00e7\u00f5es da opera\u00e7\u00e3o em Curitiba.<\/p>\n\n\n\n<p>O despacho de Dantas foi baseado na representa\u00e7\u00e3o do subprocurador-geral do Minist\u00e9rio P\u00fablico de Contas, Lucas Rocha Furtado, para apurar supostas irregularidades no Coaf, que estaria verificando, a pedido da Pol\u00edcia Federal, movimenta\u00e7\u00f5es at\u00edpicas que poderiam estar relacionadas \u00e0 invas\u00e3o dos celulares de agentes p\u00fablicos envolvidos com trabalhos da Lava Jato. \u201cA motiva\u00e7\u00e3o dessa investiga\u00e7\u00e3o teria sido, mediante persegui\u00e7\u00e3o e abuso de poder, intimidar o jornalista\u201d, diz o documento.<\/p>\n\n\n\n<p>Conforme a argumenta\u00e7\u00e3o do Minist\u00e9rio P\u00fablico de Contas e do ministro do TCU, se confirmada, a investiga\u00e7\u00e3o do Coaf poderia caracterizar &#8220;grave desvio de finalidade&#8221; no disp\u00eandio de recursos p\u00fablicos. \u201cPor \u00f3bvio, isso nada tem a ver com a preven\u00e7\u00e3o e combate \u00e0 lavagem de dinheiro e ao financiamento do terrorismo\u201d, diz Bruno Dantas. No despacho, o ministro tamb\u00e9m tinha pedido esclarecimentos ao presidente do Coaf, Roberto Leonel de Oliveira.<\/p>\n","protected":false},"excerpt":{"rendered":"<p>O ministro da Economia, Paulo Guedes, negou ter ordenado qualquer investiga\u00e7\u00e3o por parte do Conselho de Controle de Atividades Financeiras (Coaf) das movimenta\u00e7\u00f5es financeiras do&hellip; <\/p>\n","protected":false},"author":1,"featured_media":104004,"comment_status":"closed","ping_status":"closed","sticky":false,"template":"","format":"standard","meta":{"sfsi_plus_gutenberg_text_before_share":"","sfsi_plus_gutenberg_show_text_before_share":"","sfsi_plus_gutenberg_icon_type":"","sfsi_plus_gutenberg_icon_alignemt":"","sfsi_plus_gutenburg_max_per_row":"","footnotes":""},"categories":[2],"tags":[],"class_list":["post-104003","post","type-post","status-publish","format-standard","has-post-thumbnail","hentry","category-geral"],"_links":{"self":[{"href":"https:\/\/www.caririemacao.com\/1\/wp-json\/wp\/v2\/posts\/104003","targetHints":{"allow":["GET"]}}],"collection":[{"href":"https:\/\/www.caririemacao.com\/1\/wp-json\/wp\/v2\/posts"}],"about":[{"href":"https:\/\/www.caririemacao.com\/1\/wp-json\/wp\/v2\/types\/post"}],"author":[{"embeddable":true,"href":"https:\/\/www.caririemacao.com\/1\/wp-json\/wp\/v2\/users\/1"}],"replies":[{"embeddable":true,"href":"https:\/\/www.caririemacao.com\/1\/wp-json\/wp\/v2\/comments?post=104003"}],"version-history":[{"count":1,"href":"https:\/\/www.caririemacao.com\/1\/wp-json\/wp\/v2\/posts\/104003\/revisions"}],"predecessor-version":[{"id":104005,"href":"https:\/\/www.caririemacao.com\/1\/wp-json\/wp\/v2\/posts\/104003\/revisions\/104005"}],"wp:featuredmedia":[{"embeddable":true,"href":"https:\/\/www.caririemacao.com\/1\/wp-json\/wp\/v2\/media\/104004"}],"wp:attachment":[{"href":"https:\/\/www.caririemacao.com\/1\/wp-json\/wp\/v2\/media?parent=104003"}],"wp:term":[{"taxonomy":"category","embeddable":true,"href":"https:\/\/www.caririemacao.com\/1\/wp-json\/wp\/v2\/categories?post=104003"},{"taxonomy":"post_tag","embeddable":true,"href":"https:\/\/www.caririemacao.com\/1\/wp-json\/wp\/v2\/tags?post=104003"}],"curies":[{"name":"wp","href":"https:\/\/api.w.org\/{rel}","templated":true}]}}