{"id":104014,"date":"2019-07-10T09:45:29","date_gmt":"2019-07-10T12:45:29","guid":{"rendered":"http:\/\/www.caririemacao.com\/1\/?p=104014"},"modified":"2019-07-10T09:45:29","modified_gmt":"2019-07-10T12:45:29","slug":"inflacao-oficial-e-de-001-em-junho-diz-ibge","status":"publish","type":"post","link":"https:\/\/www.caririemacao.com\/1\/2019\/07\/10\/inflacao-oficial-e-de-001-em-junho-diz-ibge\/","title":{"rendered":"Infla\u00e7\u00e3o oficial \u00e9 de 0,01% em junho, diz IBGE"},"content":{"rendered":"\n<p>A infla\u00e7\u00e3o oficial, medida pelo \u00cdndice Nacional de Pre\u00e7os ao Consumidor Amplo (IPCA), ficou em 0,01% em junho deste ano.<\/p>\n\n\n\n<p>Ela \u00e9 inferior ao 0,13% de maio e ao 1,26% de junho do ano passado. \u00c9 o menor percentual mensal desde novembro de 2018 (-0,21%).<br>&nbsp;<br>Segundo dados divulgados hoje (10), no Rio de Janeiro, pelo Instituto Brasileiro de Geografia e Estat\u00edstica (IBGE), o IPCA acumula infla\u00e7\u00e3o de 2,23% no ano e de 3,37% em 12 meses.<br>&nbsp;<\/p>\n\n\n\n<figure class=\"wp-block-image\"><img decoding=\"async\" data-src=\"http:\/\/imagens.ebc.com.br\/Xiri0QEiPe-brHz_-pEaF-PCbMY=\/754x0\/smart\/http:\/\/agenciabrasil.ebc.com.br\/sites\/default\/files\/atoms\/image\/onibus_1.jpg?itok=pDK0O5SS\" alt=\"onibus.jpg\" src=\"data:image\/svg+xml;base64,PHN2ZyB3aWR0aD0iMSIgaGVpZ2h0PSIxIiB4bWxucz0iaHR0cDovL3d3dy53My5vcmcvMjAwMC9zdmciPjwvc3ZnPg==\" class=\"lazyload\" \/><\/figure>\n\n\n\n<p>A queda de pre\u00e7os de 0,25% dos alimentos e de 0,31% dos transportes conteve a infla\u00e7\u00e3o em junho &nbsp;&nbsp;&nbsp;<strong>(Arquivo\/<\/strong><strong>Ag\u00eancia Brasil\/EBC)<\/strong><\/p>\n\n\n\n<p>As defla\u00e7\u00f5es (quedas de pre\u00e7os) de 0,25% dos alimentos e de 0,31% dos transportes foram os principais respons\u00e1veis por conter o IPCA em junho.<br>&nbsp;<br>Entre os itens que mais influenciaram as quedas de pre\u00e7os dos alimentos est\u00e3o as frutas (-6,14%) e o feij\u00e3o-carioca (-14,8%).<\/p>\n\n\n\n<p>No grupo de transportes, o principal impacto para a defla\u00e7\u00e3o veio dos combust\u00edveis (-2,41%), com destaque para a queda de 2,04% no pre\u00e7o da gasolina.<br>&nbsp;<br>Por outro lado, o aumento de 0,64% no custo de sa\u00fade e cuidados pessoais foi o que mais contribuiu para que o IPCA n\u00e3o fosse negativo em junho.<\/p>\n","protected":false},"excerpt":{"rendered":"<p>A infla\u00e7\u00e3o oficial, medida pelo \u00cdndice Nacional de Pre\u00e7os ao Consumidor Amplo (IPCA), ficou em 0,01% em junho deste ano. Ela \u00e9 inferior ao 0,13%&hellip; <\/p>\n","protected":false},"author":1,"featured_media":104015,"comment_status":"closed","ping_status":"closed","sticky":false,"template":"","format":"standard","meta":{"sfsi_plus_gutenberg_text_before_share":"","sfsi_plus_gutenberg_show_text_before_share":"","sfsi_plus_gutenberg_icon_type":"","sfsi_plus_gutenberg_icon_alignemt":"","sfsi_plus_gutenburg_max_per_row":"","footnotes":""},"categories":[2],"tags":[],"class_list":["post-104014","post","type-post","status-publish","format-standard","has-post-thumbnail","hentry","category-geral"],"_links":{"self":[{"href":"https:\/\/www.caririemacao.com\/1\/wp-json\/wp\/v2\/posts\/104014","targetHints":{"allow":["GET"]}}],"collection":[{"href":"https:\/\/www.caririemacao.com\/1\/wp-json\/wp\/v2\/posts"}],"about":[{"href":"https:\/\/www.caririemacao.com\/1\/wp-json\/wp\/v2\/types\/post"}],"author":[{"embeddable":true,"href":"https:\/\/www.caririemacao.com\/1\/wp-json\/wp\/v2\/users\/1"}],"replies":[{"embeddable":true,"href":"https:\/\/www.caririemacao.com\/1\/wp-json\/wp\/v2\/comments?post=104014"}],"version-history":[{"count":1,"href":"https:\/\/www.caririemacao.com\/1\/wp-json\/wp\/v2\/posts\/104014\/revisions"}],"predecessor-version":[{"id":104016,"href":"https:\/\/www.caririemacao.com\/1\/wp-json\/wp\/v2\/posts\/104014\/revisions\/104016"}],"wp:featuredmedia":[{"embeddable":true,"href":"https:\/\/www.caririemacao.com\/1\/wp-json\/wp\/v2\/media\/104015"}],"wp:attachment":[{"href":"https:\/\/www.caririemacao.com\/1\/wp-json\/wp\/v2\/media?parent=104014"}],"wp:term":[{"taxonomy":"category","embeddable":true,"href":"https:\/\/www.caririemacao.com\/1\/wp-json\/wp\/v2\/categories?post=104014"},{"taxonomy":"post_tag","embeddable":true,"href":"https:\/\/www.caririemacao.com\/1\/wp-json\/wp\/v2\/tags?post=104014"}],"curies":[{"name":"wp","href":"https:\/\/api.w.org\/{rel}","templated":true}]}}