{"id":104018,"date":"2019-07-10T09:48:23","date_gmt":"2019-07-10T12:48:23","guid":{"rendered":"http:\/\/www.caririemacao.com\/1\/?p=104018"},"modified":"2019-07-10T09:48:23","modified_gmt":"2019-07-10T12:48:23","slug":"estudo-mostra-que-adolescentes-de-faixas-carentes-estao-mais-obesos","status":"publish","type":"post","link":"https:\/\/www.caririemacao.com\/1\/2019\/07\/10\/estudo-mostra-que-adolescentes-de-faixas-carentes-estao-mais-obesos\/","title":{"rendered":"Estudo mostra que adolescentes de faixas carentes est\u00e3o mais obesos"},"content":{"rendered":"\n<p>Adolescentes residentes no Brasil, de faixas mais pobres da popula\u00e7\u00e3o, est\u00e3o mais obesos e ainda sofrem de desnutri\u00e7\u00e3o.&nbsp;<\/p>\n\n\n\n<p>\u00c9 o que mostra estudo feito por pesquisadores da Escola de Nutri\u00e7\u00e3o da Universidade Federal da Bahia (UFBA) e do Centro de Integra\u00e7\u00e3o de Dados e Conhecimentos para Sa\u00fade da Funda\u00e7\u00e3o Oswaldo Cruz da Bahia (Cidacs\/Fiocruz Bahia).<\/p>\n\n\n\n<p>Esta \u00e9 a primeira vez que uma investiga\u00e7\u00e3o como essa \u00e9 feita no Brasil, observando fatores socioecon\u00f4micos associados \u00e0 desnutri\u00e7\u00e3o e \u00e0 obesidade.<\/p>\n\n\n\n<p>Para fazer o trabalho, os t\u00e9cnicos utilizaram dados das edi\u00e7\u00f5es de 2009, a primeira, e da mais recente, de 2015, da Pesquisa Nacional de Sa\u00fade do Escolar (Pense), desenvolvida pelo Instituto Brasileiro de Geografia e Estat\u00edstica (IBGE). O trabalho investiga doen\u00e7as cr\u00f4nicas n\u00e3o transmiss\u00edveis entre adolescentes escolares brasileiros.<\/p>\n\n\n\n<p>O estudo comparou os \u00edndices nutricionais de alunos de 13 a 17 anos, separados entre os que apresentam somente sobrepeso ou baixa estatura e aqueles que apresentam as duas condi\u00e7\u00f5es.<\/p>\n\n\n\n<h2 class=\"wp-block-heading\">Sobrepeso<\/h2>\n\n\n\n<p>Na vis\u00e3o dos pesquisadores, houve aumento de sobrepeso entre os adolescentes de todos os n\u00edveis socioecon\u00f4micos e, ao mesmo tempo, tamb\u00e9m aparece nesses estudantes a desnutri\u00e7\u00e3o, revelada pela baixa estatura.<\/p>\n\n\n\n<p>Segundo o estudo, os adolescentes de escolas privadas t\u00eam maior chance de desenvolver excesso de peso em rela\u00e7\u00e3o aos estudantes da escola p\u00fablica, mas ao longo do tempo a diferen\u00e7a se reduziu. Entre 2009 e 2015, o \u00edndice de adolescentes com excesso de peso na rede privada, que era 28,7%, permaneceu inalter\u00e1vel, mas a taxa entre os da rede p\u00fablica aumentou de 19% para 23,1%.<\/p>\n\n\n\n<h2 class=\"wp-block-heading\">Dupla carga<\/h2>\n\n\n\n<p>No estudo, os pesquisadores identificaram que a dupla carga de m\u00e1 nutri\u00e7\u00e3o, uma caracter\u00edstica de desnutri\u00e7\u00e3o e obesidade, simult\u00e2neas, atinge menos de 1% dos estudantes.<\/p>\n\n\n\n<p>Apesar disso, nem sempre uma melhoria nas condi\u00e7\u00f5es socioecon\u00f4micas vem acompanhada de maior qualidade nutricional.<\/p>\n\n\n\n<p>\u201cO indiv\u00edduo que tem dupla carga \u00e9 aquele adolescente que apresenta baixa estatura, um sin\u00f4nimo de desnutri\u00e7\u00e3o cr\u00f4nica e excesso de peso. A dupla carga pode se manifestar de tr\u00eas formas. Tanto em n\u00edvel individual, que \u00e9 o caso do nosso estudo, sendo os dois desfechos no mesmo indiv\u00edduo. Pode ser tamb\u00e9m em n\u00edvel familiar, por exemplo, uma m\u00e3e com excesso de peso e um filho com desnutri\u00e7\u00e3o, ou em n\u00edvel comunit\u00e1rio, onde em um mesmo local temos taxas altas tanto de desnutri\u00e7\u00e3o quanto de obesidade. No nosso estudo foi bem espec\u00edfico, com adolescente de baixa estatura e excesso de peso\u201d, disse a pesquisadora da UFBA, J\u00falia Uz\u00eada, em entrevista \u00e0&nbsp;<strong>Ag\u00eancia Brasil<\/strong>.<\/p>\n\n\n\n<p>Em 2009, na an\u00e1lise separada, o grupo que apresentou os dois desfechos de sa\u00fade, independentemente de sexo, e diferenciando entre estudantes de escola p\u00fablica e privada, a simultaneidade aparece em 29 estudantes do ensino particular (0,2%) contra 185 do p\u00fablico (0,4%).<\/p>\n\n\n\n<p>Isso significa que a dupla carga \u00e9 maior entre estudantes da rede p\u00fablica. Em 2015, a taxa de dupla carga entre os estudantes de escola privada atingiu 0,3% e nos da rede p\u00fablica permaneceu em 0,4%. As meninas, com 0,4%, ainda s\u00e3o maioria, enquanto entre os meninos ficou em 0,3%.<\/p>\n\n\n\n<h2 class=\"wp-block-heading\">Fatores<\/h2>\n\n\n\n<p>De acordo com o pesquisador do Cidacs Natanael Silva, embora o estudo n\u00e3o tenha se baseado em classes sociais, h\u00e1 vari\u00e1veis analisadas que indicaram um crescimento de obesidade, atingindo cada vez mais a popula\u00e7\u00e3o menos favorecida socioeconomicamente.<\/p>\n\n\n\n<p>Segundo ele, os alimentos processados podem ser um dos fatores da obesidade, por serem tamb\u00e9m de pre\u00e7os mais baixos.<\/p>\n\n\n\n<p>\u201cOs alimentos processados acabam sendo mais baratos do que qualquer alimento natural e por terem maior aporte cal\u00f3rico, muitas vezes serem vendidos em grandes quantidades, mais baratos e atrativos, chamam bastante a aten\u00e7\u00e3o do p\u00fablico mais vulner\u00e1vel\u201d, disse.<\/p>\n\n\n\n<p>Al\u00e9m disso, foram selecionadas informa\u00e7\u00f5es socioecon\u00f4micas de adolescentes, como escolaridade da m\u00e3e, ra\u00e7a, sexo e tipo de unidade escolar.<\/p>\n\n\n\n<p>Os filhos de mulheres que completaram a educa\u00e7\u00e3o prim\u00e1ria revelaram melhores \u00edndices de nutri\u00e7\u00e3o, apresentando a metade da taxa de dupla carga do que os estudantes cujas m\u00e3es n\u00e3o finalizaram essa etapa.<\/p>\n\n\n\n<p>J\u00falia Uz\u00eada informou que h\u00e1 estudos comprovando que a desnutri\u00e7\u00e3o em per\u00edodo intrauterino provoca mecanismos no corpo que aparecem futuramente na vida da crian\u00e7a, por causa de problemas na absor\u00e7\u00e3o de gordura, que resultam na obesidade.<\/p>\n\n\n\n<p>\u201cO adolescente \u00e9 um p\u00fablico vulner\u00e1vel por todas as mudan\u00e7as f\u00edsicas, ent\u00e3o, quando o indiv\u00edduo tem dupla carga, ele passa a ter riscos tanto de desnutri\u00e7\u00e3o quanto de obesidade, por isso o nome de dupla carga\u201d, observou.<\/p>\n\n\n\n<h2 class=\"wp-block-heading\">Pol\u00edticas P\u00fablicas<\/h2>\n\n\n\n<p>Os pesquisadores defenderam que o estudo serve para ajudar na elabora\u00e7\u00e3o de pol\u00edticas p\u00fablicas.<\/p>\n\n\n\n<p>Para J\u00falia Uz\u00eada, existem fatores que n\u00e3o foram analisados no estudo, como o consumo alimentar e, principalmente, a qualidade dos alimentos ingeridos, mas as informa\u00e7\u00f5es encontradas j\u00e1 podem servir para a ado\u00e7\u00e3o de medidas com o foco na qualidade da nutri\u00e7\u00e3o.<\/p>\n\n\n\n<p>\u201cMuitas vezes as pol\u00edticas p\u00fablicas s\u00e3o destinadas isoladamente \u00e0 obesidade ou \u00e0 desnutri\u00e7\u00e3o e acabam tratando um e esquecendo outro. A transi\u00e7\u00e3o nutricional tem o perfil que \u00e9 a diminui\u00e7\u00e3o da desnutri\u00e7\u00e3o, mas n\u00e3o deixa de existir, enquanto a obesidade e o excesso de peso aumentam. Isso muda o foco das pol\u00edticas p\u00fablicas\u201d, disse a pesquisadora.<\/p>\n","protected":false},"excerpt":{"rendered":"<p>Adolescentes residentes no Brasil, de faixas mais pobres da popula\u00e7\u00e3o, est\u00e3o mais obesos e ainda sofrem de desnutri\u00e7\u00e3o.&nbsp; \u00c9 o que mostra estudo feito por&hellip; <\/p>\n","protected":false},"author":1,"featured_media":104019,"comment_status":"closed","ping_status":"closed","sticky":false,"template":"","format":"standard","meta":{"sfsi_plus_gutenberg_text_before_share":"","sfsi_plus_gutenberg_show_text_before_share":"","sfsi_plus_gutenberg_icon_type":"","sfsi_plus_gutenberg_icon_alignemt":"","sfsi_plus_gutenburg_max_per_row":"","footnotes":""},"categories":[16],"tags":[],"class_list":["post-104018","post","type-post","status-publish","format-standard","has-post-thumbnail","hentry","category-saude"],"_links":{"self":[{"href":"https:\/\/www.caririemacao.com\/1\/wp-json\/wp\/v2\/posts\/104018","targetHints":{"allow":["GET"]}}],"collection":[{"href":"https:\/\/www.caririemacao.com\/1\/wp-json\/wp\/v2\/posts"}],"about":[{"href":"https:\/\/www.caririemacao.com\/1\/wp-json\/wp\/v2\/types\/post"}],"author":[{"embeddable":true,"href":"https:\/\/www.caririemacao.com\/1\/wp-json\/wp\/v2\/users\/1"}],"replies":[{"embeddable":true,"href":"https:\/\/www.caririemacao.com\/1\/wp-json\/wp\/v2\/comments?post=104018"}],"version-history":[{"count":1,"href":"https:\/\/www.caririemacao.com\/1\/wp-json\/wp\/v2\/posts\/104018\/revisions"}],"predecessor-version":[{"id":104020,"href":"https:\/\/www.caririemacao.com\/1\/wp-json\/wp\/v2\/posts\/104018\/revisions\/104020"}],"wp:featuredmedia":[{"embeddable":true,"href":"https:\/\/www.caririemacao.com\/1\/wp-json\/wp\/v2\/media\/104019"}],"wp:attachment":[{"href":"https:\/\/www.caririemacao.com\/1\/wp-json\/wp\/v2\/media?parent=104018"}],"wp:term":[{"taxonomy":"category","embeddable":true,"href":"https:\/\/www.caririemacao.com\/1\/wp-json\/wp\/v2\/categories?post=104018"},{"taxonomy":"post_tag","embeddable":true,"href":"https:\/\/www.caririemacao.com\/1\/wp-json\/wp\/v2\/tags?post=104018"}],"curies":[{"name":"wp","href":"https:\/\/api.w.org\/{rel}","templated":true}]}}