{"id":104023,"date":"2019-07-10T09:51:03","date_gmt":"2019-07-10T12:51:03","guid":{"rendered":"http:\/\/www.caririemacao.com\/1\/?p=104023"},"modified":"2019-07-10T09:51:03","modified_gmt":"2019-07-10T12:51:03","slug":"inflacao-para-familias-com-renda-mais-baixa-fica-em-001-em-junho","status":"publish","type":"post","link":"https:\/\/www.caririemacao.com\/1\/2019\/07\/10\/inflacao-para-familias-com-renda-mais-baixa-fica-em-001-em-junho\/","title":{"rendered":"Infla\u00e7\u00e3o para fam\u00edlias com renda mais baixa fica em 0,01% em junho"},"content":{"rendered":"\n<p><br>O \u00cdndice Nacional de Pre\u00e7os ao Consumidor (INPC), que mede a infla\u00e7\u00e3o para fam\u00edlias com renda at\u00e9 cinco sal\u00e1rios m\u00ednimos, ficou em 0,01% em junho deste ano, abaixo do 0,15% de maio e do 1,43% de junho de 2018. O dado foi divulgado hoje (10) pelo Instituto Brasileiro de Geografia e Estat\u00edstica (IBGE).<\/p>\n\n\n\n<p>O INPC registrou a mesma taxa do IPCA, que mede a infla\u00e7\u00e3o oficial, em junho deste ano. A infla\u00e7\u00e3o para fam\u00edlias com renda mais baixa acumula em 12 meses uma taxa de 3,31%, abaixo dos 3,37% do IPCA.<\/p>\n\n\n\n<p>De acordo com o INPC, os produtos aliment\u00edcios registraram defla\u00e7\u00e3o (queda de pre\u00e7os) de 0,18% em junho, enquanto os n\u00e3o aliment\u00edcios tiveram infla\u00e7\u00e3o de 0,09% no per\u00edodo.<\/p>\n","protected":false},"excerpt":{"rendered":"<p>O \u00cdndice Nacional de Pre\u00e7os ao Consumidor (INPC), que mede a infla\u00e7\u00e3o para fam\u00edlias com renda at\u00e9 cinco sal\u00e1rios m\u00ednimos, ficou em 0,01% em junho&hellip; <\/p>\n","protected":false},"author":1,"featured_media":104024,"comment_status":"closed","ping_status":"closed","sticky":false,"template":"","format":"standard","meta":{"sfsi_plus_gutenberg_text_before_share":"","sfsi_plus_gutenberg_show_text_before_share":"","sfsi_plus_gutenberg_icon_type":"","sfsi_plus_gutenberg_icon_alignemt":"","sfsi_plus_gutenburg_max_per_row":"","footnotes":""},"categories":[2],"tags":[],"class_list":["post-104023","post","type-post","status-publish","format-standard","has-post-thumbnail","hentry","category-geral"],"_links":{"self":[{"href":"https:\/\/www.caririemacao.com\/1\/wp-json\/wp\/v2\/posts\/104023","targetHints":{"allow":["GET"]}}],"collection":[{"href":"https:\/\/www.caririemacao.com\/1\/wp-json\/wp\/v2\/posts"}],"about":[{"href":"https:\/\/www.caririemacao.com\/1\/wp-json\/wp\/v2\/types\/post"}],"author":[{"embeddable":true,"href":"https:\/\/www.caririemacao.com\/1\/wp-json\/wp\/v2\/users\/1"}],"replies":[{"embeddable":true,"href":"https:\/\/www.caririemacao.com\/1\/wp-json\/wp\/v2\/comments?post=104023"}],"version-history":[{"count":1,"href":"https:\/\/www.caririemacao.com\/1\/wp-json\/wp\/v2\/posts\/104023\/revisions"}],"predecessor-version":[{"id":104025,"href":"https:\/\/www.caririemacao.com\/1\/wp-json\/wp\/v2\/posts\/104023\/revisions\/104025"}],"wp:featuredmedia":[{"embeddable":true,"href":"https:\/\/www.caririemacao.com\/1\/wp-json\/wp\/v2\/media\/104024"}],"wp:attachment":[{"href":"https:\/\/www.caririemacao.com\/1\/wp-json\/wp\/v2\/media?parent=104023"}],"wp:term":[{"taxonomy":"category","embeddable":true,"href":"https:\/\/www.caririemacao.com\/1\/wp-json\/wp\/v2\/categories?post=104023"},{"taxonomy":"post_tag","embeddable":true,"href":"https:\/\/www.caririemacao.com\/1\/wp-json\/wp\/v2\/tags?post=104023"}],"curies":[{"name":"wp","href":"https:\/\/api.w.org\/{rel}","templated":true}]}}