{"id":104042,"date":"2019-07-10T10:16:51","date_gmt":"2019-07-10T13:16:51","guid":{"rendered":"http:\/\/www.caririemacao.com\/1\/?p=104042"},"modified":"2019-07-10T10:19:09","modified_gmt":"2019-07-10T13:19:09","slug":"tres-cidades-do-cariri-passarao-a-receber-novos-profissionais-do-mais-medicos","status":"publish","type":"post","link":"https:\/\/www.caririemacao.com\/1\/2019\/07\/10\/tres-cidades-do-cariri-passarao-a-receber-novos-profissionais-do-mais-medicos\/","title":{"rendered":"Tr\u00eas cidades do Cariri passar\u00e3o a receber novos profissionais do Mais M\u00e9dicos"},"content":{"rendered":"\n<h2 class=\"wp-block-heading\"><a href=\"https:\/\/deolhonocariri.com.br\/site\/destaque-texto\">D<\/a><\/h2>\n\n\n\n<div class=\"wp-block-image\"><figure class=\"aligncenter\"><img decoding=\"async\" data-src=\"http:\/\/deolhonocariri.com.br\/wp-content\/uploads\/2018\/11\/Mais-m%C3%A9dicos-600x400.jpeg\" alt=\"\" class=\"wp-image-59030 lazyload\" src=\"data:image\/svg+xml;base64,PHN2ZyB3aWR0aD0iMSIgaGVpZ2h0PSIxIiB4bWxucz0iaHR0cDovL3d3dy53My5vcmcvMjAwMC9zdmciPjwvc3ZnPg==\" style=\"--smush-placeholder-width: 600px; --smush-placeholder-aspect-ratio: 600\/400;\" \/><\/figure><\/div>\n\n\n\n<p>O Minist\u00e9rio da Sa\u00fade divulgou, nessa segunda-feira (08), a segunda fase do Edital do Programa Mais M\u00e9dicos na Para\u00edba.&nbsp; Nove vagas distribu\u00eddas em sete munic\u00edpios n\u00e3o foram ocupadas na fase inicial e devem ser preenchidas, enquanto 50 profissionais j\u00e1 se apresentaram \u00e0s cidades e devem come\u00e7ar a atender a popula\u00e7\u00e3o<\/p>\n\n\n\n<p>Os munic\u00edpios de Santana dos Garrotes,&nbsp;<strong>Amparo<\/strong>, Cachoeira dos \u00cdndios, Sol\u00e2nea e Pocinhos devem receber um profissional, enquanto Nova Floresta e Cuit\u00e9 ser\u00e3o contemplados com dois m\u00e9dicos do programa nesta segunda fase.<\/p>\n\n\n\n<p>A segunda etapa \u00e9 direcionada aos m\u00e9dicos brasileiros formados em institui\u00e7\u00f5es estrangeiras que t\u00eam at\u00e9 esta quarta-feira (10) para se inscrever nas vagas remanescentes. Os profissionais que aderirem ao programa devem come\u00e7ar a atuar na Aten\u00e7\u00e3o Prim\u00e1ria de Sa\u00fade entre 16 de agosto e 25 de setembro.<\/p>\n\n\n\n<p>A reposi\u00e7\u00e3o de profissionais do Mais M\u00e9dicos atende \u00e0s popula\u00e7\u00f5es de \u00e1reas com maiores dificuldades de acesso, como ribeirinhas, fluviais, quilombolas e ind\u00edgenas e que dependem do atendimento do Sistema \u00danico de Sa\u00fade (SUS).<\/p>\n\n\n\n<p>Ainda no Estado, profissionais do programa j\u00e1 foram selecionados para atuar nos munic\u00edpios de Bonito de Santa F\u00e9, Brejo do Cruz, Cajazeiras, Cajazeirinhas, Itaporanga, Jeric\u00f3, Mariz\u00f3polis, Triunfo, S\u00e3o Bento, Cacimba de Dentro, Pombal, Sousa, Alagoa Nova, Alagoinha,&nbsp; Bara\u00fana,&nbsp;<strong>Barra de S\u00e3o Miguel<\/strong>, Aroeiras, Alagoa Grande, Bel\u00e9m, Cai\u00e7ara, Pilar, Lucena,&nbsp;<strong>Livramento<\/strong>, Pil\u00f5es, Pitimbu, Remigio, Santa Rita, Campina Grande, Cruz do Espirito Santo, Fagundes, Frei Martinho, Gurinh\u00e9m e Ing\u00e1.<\/p>\n","protected":false},"excerpt":{"rendered":"<p>D O Minist\u00e9rio da Sa\u00fade divulgou, nessa segunda-feira (08), a segunda fase do Edital do Programa Mais M\u00e9dicos na Para\u00edba.&nbsp; Nove vagas distribu\u00eddas em sete&hellip; <\/p>\n","protected":false},"author":1,"featured_media":73850,"comment_status":"closed","ping_status":"closed","sticky":false,"template":"","format":"standard","meta":{"sfsi_plus_gutenberg_text_before_share":"","sfsi_plus_gutenberg_show_text_before_share":"","sfsi_plus_gutenberg_icon_type":"","sfsi_plus_gutenberg_icon_alignemt":"","sfsi_plus_gutenburg_max_per_row":"","footnotes":""},"categories":[2],"tags":[],"class_list":["post-104042","post","type-post","status-publish","format-standard","has-post-thumbnail","hentry","category-geral"],"_links":{"self":[{"href":"https:\/\/www.caririemacao.com\/1\/wp-json\/wp\/v2\/posts\/104042","targetHints":{"allow":["GET"]}}],"collection":[{"href":"https:\/\/www.caririemacao.com\/1\/wp-json\/wp\/v2\/posts"}],"about":[{"href":"https:\/\/www.caririemacao.com\/1\/wp-json\/wp\/v2\/types\/post"}],"author":[{"embeddable":true,"href":"https:\/\/www.caririemacao.com\/1\/wp-json\/wp\/v2\/users\/1"}],"replies":[{"embeddable":true,"href":"https:\/\/www.caririemacao.com\/1\/wp-json\/wp\/v2\/comments?post=104042"}],"version-history":[{"count":1,"href":"https:\/\/www.caririemacao.com\/1\/wp-json\/wp\/v2\/posts\/104042\/revisions"}],"predecessor-version":[{"id":104044,"href":"https:\/\/www.caririemacao.com\/1\/wp-json\/wp\/v2\/posts\/104042\/revisions\/104044"}],"wp:featuredmedia":[{"embeddable":true,"href":"https:\/\/www.caririemacao.com\/1\/wp-json\/wp\/v2\/media\/73850"}],"wp:attachment":[{"href":"https:\/\/www.caririemacao.com\/1\/wp-json\/wp\/v2\/media?parent=104042"}],"wp:term":[{"taxonomy":"category","embeddable":true,"href":"https:\/\/www.caririemacao.com\/1\/wp-json\/wp\/v2\/categories?post=104042"},{"taxonomy":"post_tag","embeddable":true,"href":"https:\/\/www.caririemacao.com\/1\/wp-json\/wp\/v2\/tags?post=104042"}],"curies":[{"name":"wp","href":"https:\/\/api.w.org\/{rel}","templated":true}]}}