{"id":104052,"date":"2019-07-10T11:41:46","date_gmt":"2019-07-10T14:41:46","guid":{"rendered":"http:\/\/www.caririemacao.com\/1\/?p=104052"},"modified":"2019-07-10T11:41:46","modified_gmt":"2019-07-10T14:41:46","slug":"codefat-define-calendario-de-pagamento-do-abono-social-2019-2020","status":"publish","type":"post","link":"https:\/\/www.caririemacao.com\/1\/2019\/07\/10\/codefat-define-calendario-de-pagamento-do-abono-social-2019-2020\/","title":{"rendered":"Codefat define calend\u00e1rio de pagamento do Abono Social 2019\/2020"},"content":{"rendered":"\n<p>O calend\u00e1rio de pagamento do Abono Salarial 2019\/2020 foi definido pelo Conselho Deliberativo do Fundo de Amparo ao Trabalhador (Codefat). A resolu\u00e7\u00e3o com a medida est\u00e1 publicada no Di\u00e1rio Oficial da Uni\u00e3o desta quarta-feira (10). De acordo com o documento, o pagamento ser\u00e1 realizado a partir de 25 de julho pr\u00f3ximo at\u00e9 30 de junho de 2020.<\/p>\n\n\n\n<p>A resolu\u00e7\u00e3o estabelece que, para o pagamento do Programa de Integra\u00e7\u00e3o Social (PIS), ser\u00e1 considerado o m\u00eas de nascimento do trabalhador. No caso do&nbsp; Programa de Forma\u00e7\u00e3o do Patrim\u00f4nio do Servidor P\u00fablico (Pasep), ser\u00e1 observado o n\u00famero de inscri\u00e7\u00e3o. Caber\u00e1 \u00e0 Caixa Econ\u00f4mica Federal efetuar o pagamento do PIS e o Banco do Brasil do Pasep.<\/p>\n\n\n\n<p>As duas institui\u00e7\u00f5es financeiras ser\u00e3o tamb\u00e9m respons\u00e1veis pela execu\u00e7\u00e3o dos servi\u00e7os de pesquisa, de identifica\u00e7\u00e3o dos trabalhadores com direito ao Abono Salarial, de apura\u00e7\u00e3o e controle de valores, de processamento de dados e de atendimento \u00e0s pessoas com direito ao abono.<\/p>\n\n\n\n<p>O pagamento do PIS\/Pasep para trabalhadores identificados Rela\u00e7\u00e3o Anual de Informa\u00e7\u00f5es Sociais (Rais) fora do prazo, entregues at\u00e9 25 de setembro de 2019, ser\u00e3o disponibilizados a partir de 4 de novembro deste ano, conforme calend\u00e1rio de pagamento anual constante na resolu\u00e7\u00e3o.<\/p>\n","protected":false},"excerpt":{"rendered":"<p>O calend\u00e1rio de pagamento do Abono Salarial 2019\/2020 foi definido pelo Conselho Deliberativo do Fundo de Amparo ao Trabalhador (Codefat). A resolu\u00e7\u00e3o com a medida&hellip; <\/p>\n","protected":false},"author":1,"featured_media":104053,"comment_status":"closed","ping_status":"closed","sticky":false,"template":"","format":"standard","meta":{"sfsi_plus_gutenberg_text_before_share":"","sfsi_plus_gutenberg_show_text_before_share":"","sfsi_plus_gutenberg_icon_type":"","sfsi_plus_gutenberg_icon_alignemt":"","sfsi_plus_gutenburg_max_per_row":"","footnotes":""},"categories":[2],"tags":[],"class_list":["post-104052","post","type-post","status-publish","format-standard","has-post-thumbnail","hentry","category-geral"],"_links":{"self":[{"href":"https:\/\/www.caririemacao.com\/1\/wp-json\/wp\/v2\/posts\/104052","targetHints":{"allow":["GET"]}}],"collection":[{"href":"https:\/\/www.caririemacao.com\/1\/wp-json\/wp\/v2\/posts"}],"about":[{"href":"https:\/\/www.caririemacao.com\/1\/wp-json\/wp\/v2\/types\/post"}],"author":[{"embeddable":true,"href":"https:\/\/www.caririemacao.com\/1\/wp-json\/wp\/v2\/users\/1"}],"replies":[{"embeddable":true,"href":"https:\/\/www.caririemacao.com\/1\/wp-json\/wp\/v2\/comments?post=104052"}],"version-history":[{"count":1,"href":"https:\/\/www.caririemacao.com\/1\/wp-json\/wp\/v2\/posts\/104052\/revisions"}],"predecessor-version":[{"id":104054,"href":"https:\/\/www.caririemacao.com\/1\/wp-json\/wp\/v2\/posts\/104052\/revisions\/104054"}],"wp:featuredmedia":[{"embeddable":true,"href":"https:\/\/www.caririemacao.com\/1\/wp-json\/wp\/v2\/media\/104053"}],"wp:attachment":[{"href":"https:\/\/www.caririemacao.com\/1\/wp-json\/wp\/v2\/media?parent=104052"}],"wp:term":[{"taxonomy":"category","embeddable":true,"href":"https:\/\/www.caririemacao.com\/1\/wp-json\/wp\/v2\/categories?post=104052"},{"taxonomy":"post_tag","embeddable":true,"href":"https:\/\/www.caririemacao.com\/1\/wp-json\/wp\/v2\/tags?post=104052"}],"curies":[{"name":"wp","href":"https:\/\/api.w.org\/{rel}","templated":true}]}}