{"id":104059,"date":"2019-07-10T14:31:23","date_gmt":"2019-07-10T17:31:23","guid":{"rendered":"http:\/\/www.caririemacao.com\/1\/?p=104059"},"modified":"2019-07-10T14:31:24","modified_gmt":"2019-07-10T17:31:24","slug":"tce-aprova-contas-de-ricardo-marcelo-como-presidente-da-assembleia-legislativa","status":"publish","type":"post","link":"https:\/\/www.caririemacao.com\/1\/2019\/07\/10\/tce-aprova-contas-de-ricardo-marcelo-como-presidente-da-assembleia-legislativa\/","title":{"rendered":"TCE aprova contas de Ricardo Marcelo como presidente da Assembleia Legislativa"},"content":{"rendered":"\n<p>Tribunal de Contas do Estado da Para\u00edba (TCE-PB) aprovou nesta quarta-feira (10), por unanimidade, as contas da Assembleia Legislativa referente aos exerc\u00edcios 2013 e 2014. O gestor era o ent\u00e3o deputado Ricardo Marcelo, que com a decis\u00e3o da Corte teve todas as suas contas aprovadas.&nbsp;<br><\/p>\n\n\n\n<p>Durante o julgamento, o presidente da Corte de Contas, conselheiro Arn\u00f3bio Viana, destacou o zelo e sempre cautela adotadas pelo ent\u00e3o presidente Ricardo Marcelo na condu\u00e7\u00e3o do Poder Legislativo. A defesa ficou por conta do advogado Marco Villar que destacou a correta aplica\u00e7\u00e3o do recurso por parte do legislativo, cumprindo todas as exig\u00eancias legais.&nbsp;<\/p>\n\n\n\n<figure class=\"wp-block-image\"><img decoding=\"async\" data-src=\"https:\/\/www.clickpb.com.br\/media\/filer_public\/92\/50\/9250ed38-c993-4b98-b29d-85bdea85efa1\/sessao_do_tce_-_contas.jpeg\" alt=\"\" src=\"data:image\/svg+xml;base64,PHN2ZyB3aWR0aD0iMSIgaGVpZ2h0PSIxIiB4bWxucz0iaHR0cDovL3d3dy53My5vcmcvMjAwMC9zdmciPjwvc3ZnPg==\" class=\"lazyload\" \/><\/figure>\n\n\n\n<p>Como presidente da Assembleia Legislativa, Ricardo Marcelo se destacou pela economia do dinheiro p\u00fablico, utiliza\u00e7\u00e3o da verba de comunica\u00e7\u00e3o em campanhas educativas como preven\u00e7\u00e3o do c\u00e2ncer de pr\u00f3stata e mama, uso consciente da \u00e1gua e transpar\u00eancia p\u00fablica. Ele encabe\u00e7ou a campanha SOS Seca que chamou aten\u00e7\u00e3o e cobrou solu\u00e7\u00e3o para uma das maiores secas que a Para\u00edba viveu.&nbsp;<br><\/p>\n\n\n\n<p>Pil\u00f5ezinhos &#8211; O TCE tamb\u00e9m aprovou na sess\u00e3o dessa quarta-feira as contas da Prefeitura Municipal de Pil\u00f5ezinhos, referentes ao ano de 2016. O prefeito \u00e0 \u00e9poca era Rosinaldo Mendes. A defesa tamb\u00e9m foi feita pelo jurista Marco Villar.<\/p>\n","protected":false},"excerpt":{"rendered":"<p>Tribunal de Contas do Estado da Para\u00edba (TCE-PB) aprovou nesta quarta-feira (10), por unanimidade, as contas da Assembleia Legislativa referente aos exerc\u00edcios 2013 e 2014.&hellip; <\/p>\n","protected":false},"author":1,"featured_media":104060,"comment_status":"closed","ping_status":"closed","sticky":false,"template":"","format":"standard","meta":{"sfsi_plus_gutenberg_text_before_share":"","sfsi_plus_gutenberg_show_text_before_share":"","sfsi_plus_gutenberg_icon_type":"","sfsi_plus_gutenberg_icon_alignemt":"","sfsi_plus_gutenburg_max_per_row":"","footnotes":""},"categories":[11],"tags":[],"class_list":["post-104059","post","type-post","status-publish","format-standard","has-post-thumbnail","hentry","category-politica"],"_links":{"self":[{"href":"https:\/\/www.caririemacao.com\/1\/wp-json\/wp\/v2\/posts\/104059","targetHints":{"allow":["GET"]}}],"collection":[{"href":"https:\/\/www.caririemacao.com\/1\/wp-json\/wp\/v2\/posts"}],"about":[{"href":"https:\/\/www.caririemacao.com\/1\/wp-json\/wp\/v2\/types\/post"}],"author":[{"embeddable":true,"href":"https:\/\/www.caririemacao.com\/1\/wp-json\/wp\/v2\/users\/1"}],"replies":[{"embeddable":true,"href":"https:\/\/www.caririemacao.com\/1\/wp-json\/wp\/v2\/comments?post=104059"}],"version-history":[{"count":1,"href":"https:\/\/www.caririemacao.com\/1\/wp-json\/wp\/v2\/posts\/104059\/revisions"}],"predecessor-version":[{"id":104061,"href":"https:\/\/www.caririemacao.com\/1\/wp-json\/wp\/v2\/posts\/104059\/revisions\/104061"}],"wp:featuredmedia":[{"embeddable":true,"href":"https:\/\/www.caririemacao.com\/1\/wp-json\/wp\/v2\/media\/104060"}],"wp:attachment":[{"href":"https:\/\/www.caririemacao.com\/1\/wp-json\/wp\/v2\/media?parent=104059"}],"wp:term":[{"taxonomy":"category","embeddable":true,"href":"https:\/\/www.caririemacao.com\/1\/wp-json\/wp\/v2\/categories?post=104059"},{"taxonomy":"post_tag","embeddable":true,"href":"https:\/\/www.caririemacao.com\/1\/wp-json\/wp\/v2\/tags?post=104059"}],"curies":[{"name":"wp","href":"https:\/\/api.w.org\/{rel}","templated":true}]}}