{"id":104063,"date":"2019-07-10T14:35:35","date_gmt":"2019-07-10T17:35:35","guid":{"rendered":"http:\/\/www.caririemacao.com\/1\/?p=104063"},"modified":"2019-07-10T14:35:35","modified_gmt":"2019-07-10T17:35:35","slug":"bolsonaro-diz-que-indicara-para-vaga-no-stf-ministro-terrivelmente-evangelico","status":"publish","type":"post","link":"https:\/\/www.caririemacao.com\/1\/2019\/07\/10\/bolsonaro-diz-que-indicara-para-vaga-no-stf-ministro-terrivelmente-evangelico\/","title":{"rendered":"Bolsonaro diz que indicar\u00e1 para vaga no STF ministro &#8216;terrivelmente evang\u00e9lico&#8217;"},"content":{"rendered":"\n<p>Em culto religioso promovido na C\u00e2mara dos Deputados, o presidente Jair Bolsonaro afirmou nesta quarta-feira (10) que indicar\u00e1 a uma das vagas do STF (Supremo Tribunal Federal) um nome &#8220;terrivelmente evang\u00e9lico&#8221;.<\/p>\n\n\n\n<p>Na cerim\u00f4nia promovida pela bancada evang\u00e9lica, na qual recebeu b\u00ean\u00e7\u00e3o de Marcos Pereira (PRB-SP), ele lembrou que o estado brasileiro \u00e9 laico, mas ressaltou que isso n\u00e3o impede que ele seja &#8220;terrivelmente crist\u00e3o&#8221;.<\/p>\n\n\n\n<p>&#8220;Eu poderei indicar dois ministros ao Supremo Tribunal Federal. Um deles ser\u00e1 terrivelmente evang\u00e9lico&#8221;, disse.<\/p>\n\n\n\n<p>&#8220;O estado \u00e9 laico, mas somos crist\u00e3os. Como diz a ministra dos Direitos Humanos, Damares Alves, n\u00f3s somos terrivelmente crist\u00e3os&#8221;, acrescentou.<\/p>\n\n\n\n<p>Em maio, durante evento na igreja Assembleia de Deus, em Goi\u00e2nia, Bolsonaro j\u00e1 havia cobrado a presen\u00e7a de um ministro evang\u00e9lico no Supremo.<\/p>\n\n\n\n<p>&#8220;Ser\u00e1 que n\u00e3o est\u00e1 na hora de termos um ministro do STF evang\u00e9lico?&#8221;, perguntou o presidente, ao falar para um p\u00fablico da igreja Assembleia de Deus Minist\u00e9rio Madureira.&nbsp;<\/p>\n\n\n\n<p>Na ocasi\u00e3o, ele questionou se a corte n\u00e3o estaria &#8220;legislando&#8221; ao julgar uma a\u00e7\u00e3o que trata da criminaliza\u00e7\u00e3o da homofobia.<\/p>\n\n\n\n<p>A indica\u00e7\u00e3o de ministros do Supremo \u00e9 uma atribui\u00e7\u00e3o do presidente da Rep\u00fablica, que depois precisa ser aprovada pelo Senado. At\u00e9 o final de seu mandato, Bolsonaro poder\u00e1 indicar ao menos dois deles.<\/p>\n\n\n\n<p>O primeiro ministro do Supremo que deve deixar a corte \u00e9 o decano Celso de Mello, que completa 75 anos -a idade de aposentadoria obrigat\u00f3ria- em novembro de 2020. A segunda vaga no STF deve ficar dispon\u00edvel com a aposentadoria de Marco Aur\u00e9lio Mello, em julho de 2021.<\/p>\n\n\n\n<p>Bolsonaro chegou a dizer neste ano que havia prometido uma vaga a Sergio Moro, ex-juiz da Lava Jato que deixou a magistratura para se tornar ministro da Justi\u00e7a do governo. Depois, o presidente negou haver qualquer acordo e disse apenas buscar algu\u00e9m com perfil dele.<\/p>\n","protected":false},"excerpt":{"rendered":"<p>Em culto religioso promovido na C\u00e2mara dos Deputados, o presidente Jair Bolsonaro afirmou nesta quarta-feira (10) que indicar\u00e1 a uma das vagas do STF (Supremo&hellip; <\/p>\n","protected":false},"author":1,"featured_media":104064,"comment_status":"closed","ping_status":"closed","sticky":false,"template":"","format":"standard","meta":{"sfsi_plus_gutenberg_text_before_share":"","sfsi_plus_gutenberg_show_text_before_share":"","sfsi_plus_gutenberg_icon_type":"","sfsi_plus_gutenberg_icon_alignemt":"","sfsi_plus_gutenburg_max_per_row":"","footnotes":""},"categories":[11],"tags":[],"class_list":["post-104063","post","type-post","status-publish","format-standard","has-post-thumbnail","hentry","category-politica"],"_links":{"self":[{"href":"https:\/\/www.caririemacao.com\/1\/wp-json\/wp\/v2\/posts\/104063","targetHints":{"allow":["GET"]}}],"collection":[{"href":"https:\/\/www.caririemacao.com\/1\/wp-json\/wp\/v2\/posts"}],"about":[{"href":"https:\/\/www.caririemacao.com\/1\/wp-json\/wp\/v2\/types\/post"}],"author":[{"embeddable":true,"href":"https:\/\/www.caririemacao.com\/1\/wp-json\/wp\/v2\/users\/1"}],"replies":[{"embeddable":true,"href":"https:\/\/www.caririemacao.com\/1\/wp-json\/wp\/v2\/comments?post=104063"}],"version-history":[{"count":1,"href":"https:\/\/www.caririemacao.com\/1\/wp-json\/wp\/v2\/posts\/104063\/revisions"}],"predecessor-version":[{"id":104065,"href":"https:\/\/www.caririemacao.com\/1\/wp-json\/wp\/v2\/posts\/104063\/revisions\/104065"}],"wp:featuredmedia":[{"embeddable":true,"href":"https:\/\/www.caririemacao.com\/1\/wp-json\/wp\/v2\/media\/104064"}],"wp:attachment":[{"href":"https:\/\/www.caririemacao.com\/1\/wp-json\/wp\/v2\/media?parent=104063"}],"wp:term":[{"taxonomy":"category","embeddable":true,"href":"https:\/\/www.caririemacao.com\/1\/wp-json\/wp\/v2\/categories?post=104063"},{"taxonomy":"post_tag","embeddable":true,"href":"https:\/\/www.caririemacao.com\/1\/wp-json\/wp\/v2\/tags?post=104063"}],"curies":[{"name":"wp","href":"https:\/\/api.w.org\/{rel}","templated":true}]}}