{"id":104068,"date":"2019-07-10T14:40:09","date_gmt":"2019-07-10T17:40:09","guid":{"rendered":"http:\/\/www.caririemacao.com\/1\/?p=104068"},"modified":"2019-07-10T14:40:09","modified_gmt":"2019-07-10T17:40:09","slug":"mundial-de-futebol-sub-17-tera-jogos-em-brasilia-goiania-e-cariacica","status":"publish","type":"post","link":"https:\/\/www.caririemacao.com\/1\/2019\/07\/10\/mundial-de-futebol-sub-17-tera-jogos-em-brasilia-goiania-e-cariacica\/","title":{"rendered":"Mundial de futebol sub-17 ter\u00e1 jogos em Bras\u00edlia, Goi\u00e2nia e Cariacica"},"content":{"rendered":"\n<p>&nbsp;Copa do Mundo Sub-17 masculina, da Federa\u00e7\u00e3o Internacional de Futebol (Fifa), ser\u00e1 disputada em quatro est\u00e1dios este ano, localizados em tr\u00eas cidades brasileiras. As partidas ser\u00e3o nos est\u00e1dios Bezerr\u00e3o, no Gama (DF); Kl\u00e9ber Andrade, em Cariacica (ES); Ol\u00edmpico e Serrinha (ambos em Goi\u00e2nia).<\/p>\n\n\n\n<p>De acordo com a Fifa, a defini\u00e7\u00e3o das arenas \u201cest\u00e1 alinhada com o compromisso do COL e do organismo que dirige o futebol mundial de levar a emo\u00e7\u00e3o da Copa do Mundo Sub-17 da Fifa a lugares que nunca haviam recebido um evento da entidade\u201d.<\/p>\n\n\n\n<p>Tanto a abertura da competi\u00e7\u00e3o, no dia 26 de outubro, quanto a partida final do mundial, no dia 17 de novembro, ser\u00e3o disputadas no Bezerr\u00e3o, no Distrito Federal.<\/p>\n\n\n\n<p>A Fifa ainda n\u00e3o divulgou o calend\u00e1rio com as datas das partidas do mundial, mas a competi\u00e7\u00e3o ter\u00e1 24 sele\u00e7\u00f5es de todos os continentes. Al\u00e9m do Brasil, outros quatro sul-americanos disputar\u00e3o a Copa: Argentina, Chile, Equador e Paraguai.<\/p>\n\n\n\n<p>Entre os europeus, vir\u00e3o ao Brasil as sele\u00e7\u00f5es de Fran\u00e7a, It\u00e1lia, Espanha, Holanda e Hungria. Os africanos estar\u00e3o representados por Angola, Camar\u00f5es, Nig\u00e9ria e Senegal. Pela confedera\u00e7\u00e3o asi\u00e1tica, se classificaram Austr\u00e1lia, Coreia do Sul, Jap\u00e3o e Tajiquist\u00e3o.<\/p>\n\n\n\n<p>Da regi\u00e3o das am\u00e9ricas do Norte e Central e do Caribe, haver\u00e1 quatro representantes: Canad\u00e1, Estados Unidos, M\u00e9xico e Haiti. Por fim, Ilhas Salom\u00e3o e Nova Zel\u00e2ndia representar\u00e3o a Oceania.<\/p>\n\n\n\n<p>O mundial sub-17 \u00e9 realizado pela Fifa de dois em dois anos, desde 1985. \u00c9 a primeira vez da copa no Brasil e a quarta vez na Am\u00e9rica do Sul, uma vez que a competi\u00e7\u00e3o j\u00e1 tinha sido disputada no Equador, em 1995, no Peru, em 2005, e no Chile, em 2015.<\/p>\n\n\n\n<p>At\u00e9 hoje, nove pa\u00edses j\u00e1 conquistaram um t\u00edtulo pela categoria. A Nig\u00e9ria \u00e9 a sele\u00e7\u00e3o com mais conquistas, cinco. O Brasil aparece em segundo, com tr\u00eas t\u00edtulos (1997, 1999 e 2003). O atual campe\u00e3o \u00e9 a Inglaterra.<\/p>\n","protected":false},"excerpt":{"rendered":"<p>&nbsp;Copa do Mundo Sub-17 masculina, da Federa\u00e7\u00e3o Internacional de Futebol (Fifa), ser\u00e1 disputada em quatro est\u00e1dios este ano, localizados em tr\u00eas cidades brasileiras. As partidas&hellip; <\/p>\n","protected":false},"author":1,"featured_media":87076,"comment_status":"closed","ping_status":"closed","sticky":false,"template":"","format":"standard","meta":{"sfsi_plus_gutenberg_text_before_share":"","sfsi_plus_gutenberg_show_text_before_share":"","sfsi_plus_gutenberg_icon_type":"","sfsi_plus_gutenberg_icon_alignemt":"","sfsi_plus_gutenburg_max_per_row":"","footnotes":""},"categories":[13],"tags":[],"class_list":["post-104068","post","type-post","status-publish","format-standard","has-post-thumbnail","hentry","category-esportes"],"_links":{"self":[{"href":"https:\/\/www.caririemacao.com\/1\/wp-json\/wp\/v2\/posts\/104068","targetHints":{"allow":["GET"]}}],"collection":[{"href":"https:\/\/www.caririemacao.com\/1\/wp-json\/wp\/v2\/posts"}],"about":[{"href":"https:\/\/www.caririemacao.com\/1\/wp-json\/wp\/v2\/types\/post"}],"author":[{"embeddable":true,"href":"https:\/\/www.caririemacao.com\/1\/wp-json\/wp\/v2\/users\/1"}],"replies":[{"embeddable":true,"href":"https:\/\/www.caririemacao.com\/1\/wp-json\/wp\/v2\/comments?post=104068"}],"version-history":[{"count":1,"href":"https:\/\/www.caririemacao.com\/1\/wp-json\/wp\/v2\/posts\/104068\/revisions"}],"predecessor-version":[{"id":104069,"href":"https:\/\/www.caririemacao.com\/1\/wp-json\/wp\/v2\/posts\/104068\/revisions\/104069"}],"wp:featuredmedia":[{"embeddable":true,"href":"https:\/\/www.caririemacao.com\/1\/wp-json\/wp\/v2\/media\/87076"}],"wp:attachment":[{"href":"https:\/\/www.caririemacao.com\/1\/wp-json\/wp\/v2\/media?parent=104068"}],"wp:term":[{"taxonomy":"category","embeddable":true,"href":"https:\/\/www.caririemacao.com\/1\/wp-json\/wp\/v2\/categories?post=104068"},{"taxonomy":"post_tag","embeddable":true,"href":"https:\/\/www.caririemacao.com\/1\/wp-json\/wp\/v2\/tags?post=104068"}],"curies":[{"name":"wp","href":"https:\/\/api.w.org\/{rel}","templated":true}]}}