{"id":104072,"date":"2019-07-10T15:01:05","date_gmt":"2019-07-10T18:01:05","guid":{"rendered":"http:\/\/www.caririemacao.com\/1\/?p=104072"},"modified":"2019-07-10T15:01:05","modified_gmt":"2019-07-10T18:01:05","slug":"partida-entre-botafogo-pb-e-imperatriz-tem-data-alterada","status":"publish","type":"post","link":"https:\/\/www.caririemacao.com\/1\/2019\/07\/10\/partida-entre-botafogo-pb-e-imperatriz-tem-data-alterada\/","title":{"rendered":"Partida entre Botafogo-PB e Imperatriz tem data alterada"},"content":{"rendered":"\n<p>Confedera\u00e7\u00e3o Brasileira de Futebol (CBF) confirmou a altera\u00e7\u00e3o da data da partida entre o Botafogo da Para\u00edba e do Imperatriz, pela 14\u00aa rodada da S\u00e9rie C do Campeonato Brasileiro.<\/p>\n\n\n\n<p>A partida, originalmente marcada para o s\u00e1bado (27), foi antecipada para a quinta-feira (25).<\/p>\n\n\n\n<p>A partida vai ocorrer no Est\u00e1dio Frei Epif\u00e2nio, \u00e0s 20h.&nbsp;<\/p>\n\n\n\n<p>No \u00faltimo encontro dos dois times, o Botafogo levou a melhor, vencendo a equipe maranhense por 2 x 1 no Almeid\u00e3o.<\/p>\n","protected":false},"excerpt":{"rendered":"<p>Confedera\u00e7\u00e3o Brasileira de Futebol (CBF) confirmou a altera\u00e7\u00e3o da data da partida entre o Botafogo da Para\u00edba e do Imperatriz, pela 14\u00aa rodada da S\u00e9rie&hellip; <\/p>\n","protected":false},"author":1,"featured_media":104073,"comment_status":"closed","ping_status":"closed","sticky":false,"template":"","format":"standard","meta":{"sfsi_plus_gutenberg_text_before_share":"","sfsi_plus_gutenberg_show_text_before_share":"","sfsi_plus_gutenberg_icon_type":"","sfsi_plus_gutenberg_icon_alignemt":"","sfsi_plus_gutenburg_max_per_row":"","footnotes":""},"categories":[13],"tags":[],"class_list":["post-104072","post","type-post","status-publish","format-standard","has-post-thumbnail","hentry","category-esportes"],"_links":{"self":[{"href":"https:\/\/www.caririemacao.com\/1\/wp-json\/wp\/v2\/posts\/104072","targetHints":{"allow":["GET"]}}],"collection":[{"href":"https:\/\/www.caririemacao.com\/1\/wp-json\/wp\/v2\/posts"}],"about":[{"href":"https:\/\/www.caririemacao.com\/1\/wp-json\/wp\/v2\/types\/post"}],"author":[{"embeddable":true,"href":"https:\/\/www.caririemacao.com\/1\/wp-json\/wp\/v2\/users\/1"}],"replies":[{"embeddable":true,"href":"https:\/\/www.caririemacao.com\/1\/wp-json\/wp\/v2\/comments?post=104072"}],"version-history":[{"count":1,"href":"https:\/\/www.caririemacao.com\/1\/wp-json\/wp\/v2\/posts\/104072\/revisions"}],"predecessor-version":[{"id":104074,"href":"https:\/\/www.caririemacao.com\/1\/wp-json\/wp\/v2\/posts\/104072\/revisions\/104074"}],"wp:featuredmedia":[{"embeddable":true,"href":"https:\/\/www.caririemacao.com\/1\/wp-json\/wp\/v2\/media\/104073"}],"wp:attachment":[{"href":"https:\/\/www.caririemacao.com\/1\/wp-json\/wp\/v2\/media?parent=104072"}],"wp:term":[{"taxonomy":"category","embeddable":true,"href":"https:\/\/www.caririemacao.com\/1\/wp-json\/wp\/v2\/categories?post=104072"},{"taxonomy":"post_tag","embeddable":true,"href":"https:\/\/www.caririemacao.com\/1\/wp-json\/wp\/v2\/tags?post=104072"}],"curies":[{"name":"wp","href":"https:\/\/api.w.org\/{rel}","templated":true}]}}