{"id":104076,"date":"2019-07-10T15:04:47","date_gmt":"2019-07-10T18:04:47","guid":{"rendered":"http:\/\/www.caririemacao.com\/1\/?p=104076"},"modified":"2019-07-10T15:04:47","modified_gmt":"2019-07-10T18:04:47","slug":"vale-e-condenada-por-tragedia-em-brumadinho","status":"publish","type":"post","link":"https:\/\/www.caririemacao.com\/1\/2019\/07\/10\/vale-e-condenada-por-tragedia-em-brumadinho\/","title":{"rendered":"Vale \u00e9 condenada por trag\u00e9dia em Brumadinho"},"content":{"rendered":"\n<p>A\u00a0mineradora Vale foi condenada nesta ter\u00e7a-feira, 9, a reparar os danos causados pelo rompimento da barragem da Mina C\u00f3rrego do Feij\u00e3o, em Brumadinho, Minas Gerais. Esta \u00e9 a primeira vez que a empresa \u00e9 condenada pela trag\u00e9dia, ocorrida em 25 de janeiro. As informa\u00e7\u00f5es foram divulgadas pelo Tribunal de Justi\u00e7a de Minas Gerais (TJ-MG).<\/p>\n\n\n\n<p>A decis\u00e3o do juiz Elton Pupo Nogueira, da 6\u00aa Vara de Fazenda P\u00fablica e Autarquias de Belo Horizonte, n\u00e3o define um valor fixo a ser pago pela companhia. Segundo o magistrado, a defini\u00e7\u00e3o \u201cn\u00e3o se limita \u00e0s mortes decorrentes do evento, pois afeta tamb\u00e9m o meio ambiente local e regional, al\u00e9m da atividade econ\u00f4mica exercida nas regi\u00f5es atingidas\u201d.<\/p>\n\n\n\n<p>A Justi\u00e7a tamb\u00e9m determinou a manuten\u00e7\u00e3o do bloqueio de 11 bilh\u00f5es de reais para garantir a repara\u00e7\u00e3o e autorizou que metade do valor seja substitu\u00edda por outras garantias financeiras, como fian\u00e7a banc\u00e1ria ou investimento \u00e0 disposi\u00e7\u00e3o do ju\u00edzo. A mineradora havia solicitado a substitui\u00e7\u00e3o integral do valor do bloqueio, o que foi negado pelo juiz.<\/p>\n\n\n\n<p>Al\u00e9m disso, o juiz indeferiu pedidos de suspens\u00e3o das atividades ou interven\u00e7\u00e3o judicial na empresa, alegando que \u201cn\u00e3o h\u00e1 demonstra\u00e7\u00e3o de que atividades desempenhadas pela empresa n\u00e3o estejam cumprindo normas legais e administrativas\u201d impostas pelos \u00f3rg\u00e3os competentes.<\/p>\n\n\n\n<p>At\u00e9 o momento, o rompimento da barragem deixou 246 mortos e 24 desaparecidos. Um corpo \u201cpraticamente intacto\u201d foi identificado no local na \u00faltima quinta-feira, 4, cinco meses ap\u00f3s o acidente.<\/p>\n\n\n\n<p>Em comunicado, a Vale declarou que a decis\u00e3o \u201creconheceu a coopera\u00e7\u00e3o, inclusive financeira, com todas as a\u00e7\u00f5es requeridas em ju\u00edzo durante audi\u00eancias de concilia\u00e7\u00e3o\u201d e afirmou que est\u00e1 comprometida com \u201ca repara\u00e7\u00e3o de forma c\u00e9lere e justa dos danos causados \u00e0s fam\u00edlias, \u00e0 infraestrutura das comunidades e ao meio ambiente.\u201d<\/p>\n","protected":false},"excerpt":{"rendered":"<p>A\u00a0mineradora Vale foi condenada nesta ter\u00e7a-feira, 9, a reparar os danos causados pelo rompimento da barragem da Mina C\u00f3rrego do Feij\u00e3o, em Brumadinho, Minas Gerais.&hellip; <\/p>\n","protected":false},"author":1,"featured_media":104077,"comment_status":"closed","ping_status":"closed","sticky":false,"template":"","format":"standard","meta":{"sfsi_plus_gutenberg_text_before_share":"","sfsi_plus_gutenberg_show_text_before_share":"","sfsi_plus_gutenberg_icon_type":"","sfsi_plus_gutenberg_icon_alignemt":"","sfsi_plus_gutenburg_max_per_row":"","footnotes":""},"categories":[2],"tags":[],"class_list":["post-104076","post","type-post","status-publish","format-standard","has-post-thumbnail","hentry","category-geral"],"_links":{"self":[{"href":"https:\/\/www.caririemacao.com\/1\/wp-json\/wp\/v2\/posts\/104076","targetHints":{"allow":["GET"]}}],"collection":[{"href":"https:\/\/www.caririemacao.com\/1\/wp-json\/wp\/v2\/posts"}],"about":[{"href":"https:\/\/www.caririemacao.com\/1\/wp-json\/wp\/v2\/types\/post"}],"author":[{"embeddable":true,"href":"https:\/\/www.caririemacao.com\/1\/wp-json\/wp\/v2\/users\/1"}],"replies":[{"embeddable":true,"href":"https:\/\/www.caririemacao.com\/1\/wp-json\/wp\/v2\/comments?post=104076"}],"version-history":[{"count":1,"href":"https:\/\/www.caririemacao.com\/1\/wp-json\/wp\/v2\/posts\/104076\/revisions"}],"predecessor-version":[{"id":104078,"href":"https:\/\/www.caririemacao.com\/1\/wp-json\/wp\/v2\/posts\/104076\/revisions\/104078"}],"wp:featuredmedia":[{"embeddable":true,"href":"https:\/\/www.caririemacao.com\/1\/wp-json\/wp\/v2\/media\/104077"}],"wp:attachment":[{"href":"https:\/\/www.caririemacao.com\/1\/wp-json\/wp\/v2\/media?parent=104076"}],"wp:term":[{"taxonomy":"category","embeddable":true,"href":"https:\/\/www.caririemacao.com\/1\/wp-json\/wp\/v2\/categories?post=104076"},{"taxonomy":"post_tag","embeddable":true,"href":"https:\/\/www.caririemacao.com\/1\/wp-json\/wp\/v2\/tags?post=104076"}],"curies":[{"name":"wp","href":"https:\/\/api.w.org\/{rel}","templated":true}]}}