{"id":104086,"date":"2019-07-10T16:22:12","date_gmt":"2019-07-10T19:22:12","guid":{"rendered":"http:\/\/www.caririemacao.com\/1\/?p=104086"},"modified":"2019-07-10T16:22:12","modified_gmt":"2019-07-10T19:22:12","slug":"general-heleno-diz-que-e-uma-vergonha-militar-da-sua-patente-receber-salario-liquido-de-r-19-mil","status":"publish","type":"post","link":"https:\/\/www.caririemacao.com\/1\/2019\/07\/10\/general-heleno-diz-que-e-uma-vergonha-militar-da-sua-patente-receber-salario-liquido-de-r-19-mil\/","title":{"rendered":"General Heleno diz que \u00e9 uma vergonha militar da sua patente receber sal\u00e1rio l\u00edquido de R$ 19 mil"},"content":{"rendered":"\n<p>Para o ministro-chefe do GSI (Gabinete de Seguran\u00e7a Institucional), Augusto Heleno, \u00e9 uma vergonha que, como general do Ex\u00e9rcito, receba um sal\u00e1rio l\u00edquido de R$ 19 mil. A declara\u00e7\u00e3o foi dada em resposta a questionamento sobre o valor que ganhava como diretor do COB (Comit\u00ea Ol\u00edmpico do Brasil).<\/p>\n\n\n\n<p>Heleno atuou de 2011 a 2017 como diretor do Instituto Ol\u00edmpico e do departamento de Comunica\u00e7\u00e3o e Educa\u00e7\u00e3o Corporativa do COB. Ele deixou o cargo em meio \u00e0 crise instalada pela pris\u00e3o de Carlos Arthur Nuzman, ent\u00e3o presidente do comit\u00ea e que convidou o general para o posto.<\/p>\n\n\n\n<p>Como diretor do COB, Heleno recebia aproximadamente R$ 55 mil [valores sem corre\u00e7\u00e3o inflacion\u00e1ria], segundo reportagem do jornal Folha de S.Paulo de dezembro de 2017.<\/p>\n\n\n\n<p>&#8220;Eu tenho vergonha do que eu recebo no Ex\u00e9rcito, isso eu tenho vergonha. Mostrar para o meu filho que eu sou general do Ex\u00e9rcito e ganho, l\u00edquido, R$ 19 mil, eu tenho vergonha. Agora, do dinheiro que eu recebia no COB? Eu ganhava honestamente&#8221;, afirmou.<\/p>\n\n\n\n<p>Heleno participa nesta quarta-feira (10) de audi\u00eancia p\u00fablica na Comiss\u00e3o de Rela\u00e7\u00f5es Exteriores e de Defesa Nacional da C\u00e2mara dos Deputados. O encontro discute a apreens\u00e3o de drogas em aeronaves militares.<\/p>\n\n\n\n<p>Segundo o general, foi a \u00fanica vez em que ia a restaurantes e n\u00e3o precisava olhar op\u00e7\u00f5es mais baratas do card\u00e1pio.<\/p>\n\n\n\n<p>O ministro defendeu ainda sua atua\u00e7\u00e3o \u00e0 frente do COB e afirmou que trabalhava muito no cargo de diretor. &#8220;Formamos mais de mil gestores esportivos. Formamos mais de 300 treinadores. Eu n\u00e3o tenho vergonha nenhuma de ter sido bem pago, como os senhores aqui, a grande maioria, n\u00e3o t\u00eam vergonha&#8221;, disse, em refer\u00eancia aos parlamentares presentes na audi\u00eancia.<\/p>\n\n\n\n<p>Ele disse que come\u00e7ou ganhando cerca de R$ 30 mil, e que recebeu aumento por acordos feitos por sindicatos. &#8220;Eu nunca pedi aumento no COB, eu recebi o que o COB me pagava, \u00e9 uma entidade privada&#8221;, complementou.<\/p>\n\n\n\n<p>O militar ressaltou ainda que, embora o valor do COB viesse de apostas feitas em concursos da Caixa Econ\u00f4mica Federal, h\u00e1 questionamentos sobre se o valor seria p\u00fablico. &#8220;Esse dinheiro \u00e9 2% do que o apostador receberia. Ent\u00e3o, esse dinheiro jamais iria para o Tesouro Nacional. H\u00e1 uma discuss\u00e3o no pr\u00f3prio TCU [Tribunal de Contas da Uni\u00e3o] se isso \u00e9 dinheiro p\u00fablico.&#8221;<\/p>\n\n\n\n<p>Durante a audi\u00eancia, Heleno tamb\u00e9m colocou em d\u00favida o car\u00e1ter do segundo-sargento da Aeron\u00e1utica Manoel Silva Rodrigues. O general afirmou que os membros do GSI s\u00e3o escolhidos por meritocracia. &#8220;[Essa meritocracia] \u00e9 montada em cima de uma did\u00e1tica e de uma metodologia de julgamento das pessoas, de conceito dado n\u00e3o s\u00f3 por subordinados e pelos superiores, mas inclusive pelos pares.&#8221;<\/p>\n\n\n\n<p>&#8220;\u00c9 \u00f3bvio que esse sargento era, n\u00e3o s\u00f3 avaliado, como &#8216;investigado&#8217;. E o tempo foi mostrando que ele era um elemento de absoluta confian\u00e7a. N\u00e3o \u00e9 uma falha do sistema, \u00e9 uma falha de car\u00e1ter dele, que se valeu da confian\u00e7a para partir para um ato il\u00edcito.&#8221;<\/p>\n\n\n\n<p>O presidente da Comiss\u00e3o de Rela\u00e7\u00f5es Exteriores e de Defesa Nacional, deputado Eduardo Bolsonaro (PSL-SP), filho do presidente Jair Bolsonaro, qualificou como leve o dano provocado pelo epis\u00f3dio \u00e0 imagem do Brasil.<\/p>\n\n\n\n<p>&#8220;\u00c9 uma situa\u00e7\u00e3o que \u00e9 desconfort\u00e1vel. Todos n\u00f3s ficamos tristes com esse acontecimento. Mas acredito que a For\u00e7a A\u00e9rea e as For\u00e7as Armadas s\u00e3o muito maiores do que isso e v\u00e3o superar e continuar prestando um bom servi\u00e7o&#8221;, afirmou, em intervalo da audi\u00eancia. &#8220;E para melhorar sua imagem, certamente para apagar esse leve arranh\u00e3o, uma puni\u00e7\u00e3o exemplar.&#8221;<\/p>\n","protected":false},"excerpt":{"rendered":"<p>Para o ministro-chefe do GSI (Gabinete de Seguran\u00e7a Institucional), Augusto Heleno, \u00e9 uma vergonha que, como general do Ex\u00e9rcito, receba um sal\u00e1rio l\u00edquido de R$&hellip; <\/p>\n","protected":false},"author":1,"featured_media":104087,"comment_status":"closed","ping_status":"closed","sticky":false,"template":"","format":"standard","meta":{"sfsi_plus_gutenberg_text_before_share":"","sfsi_plus_gutenberg_show_text_before_share":"","sfsi_plus_gutenberg_icon_type":"","sfsi_plus_gutenberg_icon_alignemt":"","sfsi_plus_gutenburg_max_per_row":"","footnotes":""},"categories":[11],"tags":[],"class_list":["post-104086","post","type-post","status-publish","format-standard","has-post-thumbnail","hentry","category-politica"],"_links":{"self":[{"href":"https:\/\/www.caririemacao.com\/1\/wp-json\/wp\/v2\/posts\/104086","targetHints":{"allow":["GET"]}}],"collection":[{"href":"https:\/\/www.caririemacao.com\/1\/wp-json\/wp\/v2\/posts"}],"about":[{"href":"https:\/\/www.caririemacao.com\/1\/wp-json\/wp\/v2\/types\/post"}],"author":[{"embeddable":true,"href":"https:\/\/www.caririemacao.com\/1\/wp-json\/wp\/v2\/users\/1"}],"replies":[{"embeddable":true,"href":"https:\/\/www.caririemacao.com\/1\/wp-json\/wp\/v2\/comments?post=104086"}],"version-history":[{"count":1,"href":"https:\/\/www.caririemacao.com\/1\/wp-json\/wp\/v2\/posts\/104086\/revisions"}],"predecessor-version":[{"id":104088,"href":"https:\/\/www.caririemacao.com\/1\/wp-json\/wp\/v2\/posts\/104086\/revisions\/104088"}],"wp:featuredmedia":[{"embeddable":true,"href":"https:\/\/www.caririemacao.com\/1\/wp-json\/wp\/v2\/media\/104087"}],"wp:attachment":[{"href":"https:\/\/www.caririemacao.com\/1\/wp-json\/wp\/v2\/media?parent=104086"}],"wp:term":[{"taxonomy":"category","embeddable":true,"href":"https:\/\/www.caririemacao.com\/1\/wp-json\/wp\/v2\/categories?post=104086"},{"taxonomy":"post_tag","embeddable":true,"href":"https:\/\/www.caririemacao.com\/1\/wp-json\/wp\/v2\/tags?post=104086"}],"curies":[{"name":"wp","href":"https:\/\/api.w.org\/{rel}","templated":true}]}}