{"id":104098,"date":"2019-07-09T17:35:33","date_gmt":"2019-07-09T20:35:33","guid":{"rendered":"http:\/\/www.caririemacao.com\/1\/?p=104098"},"modified":"2019-07-11T00:40:34","modified_gmt":"2019-07-11T03:40:34","slug":"prefeitura-municipal-e-secretaria-de-educacao-entregam-certificados-do-curso-especializado-para-condutores-de-veiculos-de-transporte-escolar","status":"publish","type":"post","link":"https:\/\/www.caririemacao.com\/1\/2019\/07\/09\/prefeitura-municipal-e-secretaria-de-educacao-entregam-certificados-do-curso-especializado-para-condutores-de-veiculos-de-transporte-escolar\/","title":{"rendered":"Prefeitura Municipal e Secret\u00e1ria de Educa\u00e7\u00e3o entregam Certificados do Curso Especializado para Condutores de Ve\u00edculos de Transporte Escolar"},"content":{"rendered":"\n<figure class=\"wp-block-image\"><img decoding=\"async\" data-src=\"https:\/\/1.bp.blogspot.com\/-76xKU0ZypdM\/XSTjwBymMwI\/AAAAAAAAlcI\/nkCHM0AFXUwTsKhL3_MWAYvKjW-3WRgpQCLcBGAs\/s400\/66261884_1338353779660230_8647366332041396224_n.jpg\" alt=\"\" src=\"data:image\/svg+xml;base64,PHN2ZyB3aWR0aD0iMSIgaGVpZ2h0PSIxIiB4bWxucz0iaHR0cDovL3d3dy53My5vcmcvMjAwMC9zdmciPjwvc3ZnPg==\" class=\"lazyload\" \/><\/figure>\n\n\n\n<p><strong><em><strong>A Prefeitura Municipal de Zabel\u00ea e Secretaria Municipal de Educa\u00e7\u00e3o, realizaram na manh\u00e3 de ontem 08\/07 a entrega de Certificados do Curso Especializado para Condutores de Ve\u00edculos de Transporte Escolar. Na ocasi\u00e3o estiveram presentes o vice prefeito Jos\u00e9 Cl\u00e1udio de Souza representando o Prefeito Municipal o Excelent\u00edssimo Senhor Dalyson Neves, Dirigente Municipal de Educa\u00e7\u00e3o a Professora Marleide Oliveira, Presidente da C\u00e2mara e demais Vereadores.<\/strong><\/em><\/strong><br><\/p>\n\n\n\n<figure class=\"wp-block-image\"><a href=\"https:\/\/1.bp.blogspot.com\/-36WVuJEMIRo\/XSTkI2c3Y0I\/AAAAAAAAlcQ\/HelnAt4_9cwm3s6ptJsGs5qf7Cf-QJDRwCLcBGAs\/s1600\/66507748_1338354216326853_3562220062548951040_n.jpg\"><img decoding=\"async\" data-src=\"https:\/\/1.bp.blogspot.com\/-36WVuJEMIRo\/XSTkI2c3Y0I\/AAAAAAAAlcQ\/HelnAt4_9cwm3s6ptJsGs5qf7Cf-QJDRwCLcBGAs\/s640\/66507748_1338354216326853_3562220062548951040_n.jpg\" alt=\"\" src=\"data:image\/svg+xml;base64,PHN2ZyB3aWR0aD0iMSIgaGVpZ2h0PSIxIiB4bWxucz0iaHR0cDovL3d3dy53My5vcmcvMjAwMC9zdmciPjwvc3ZnPg==\" class=\"lazyload\" \/><\/a><\/figure>\n\n\n\n<figure class=\"wp-block-image\"><a href=\"https:\/\/1.bp.blogspot.com\/-U8YvgflrOcM\/XSTkSrHmKRI\/AAAAAAAAlcY\/b8NtS8bPf6gbRh-SYVow4XcSnEVlub6jwCLcBGAs\/s1600\/66200143_1338354056326869_5261712254771920896_n.jpg\"><img decoding=\"async\" data-src=\"https:\/\/1.bp.blogspot.com\/-U8YvgflrOcM\/XSTkSrHmKRI\/AAAAAAAAlcY\/b8NtS8bPf6gbRh-SYVow4XcSnEVlub6jwCLcBGAs\/s640\/66200143_1338354056326869_5261712254771920896_n.jpg\" alt=\"\" src=\"data:image\/svg+xml;base64,PHN2ZyB3aWR0aD0iMSIgaGVpZ2h0PSIxIiB4bWxucz0iaHR0cDovL3d3dy53My5vcmcvMjAwMC9zdmciPjwvc3ZnPg==\" class=\"lazyload\" \/><\/a><\/figure>\n","protected":false},"excerpt":{"rendered":"<p>A Prefeitura Municipal de Zabel\u00ea e Secretaria Municipal de Educa\u00e7\u00e3o, realizaram na manh\u00e3 de ontem 08\/07 a entrega de Certificados do Curso Especializado para Condutores&hellip; <\/p>\n","protected":false},"author":1,"featured_media":104099,"comment_status":"closed","ping_status":"closed","sticky":false,"template":"","format":"standard","meta":{"sfsi_plus_gutenberg_text_before_share":"","sfsi_plus_gutenberg_show_text_before_share":"","sfsi_plus_gutenberg_icon_type":"","sfsi_plus_gutenberg_icon_alignemt":"","sfsi_plus_gutenburg_max_per_row":"","footnotes":""},"categories":[6],"tags":[],"class_list":["post-104098","post","type-post","status-publish","format-standard","has-post-thumbnail","hentry","category-cidades"],"_links":{"self":[{"href":"https:\/\/www.caririemacao.com\/1\/wp-json\/wp\/v2\/posts\/104098","targetHints":{"allow":["GET"]}}],"collection":[{"href":"https:\/\/www.caririemacao.com\/1\/wp-json\/wp\/v2\/posts"}],"about":[{"href":"https:\/\/www.caririemacao.com\/1\/wp-json\/wp\/v2\/types\/post"}],"author":[{"embeddable":true,"href":"https:\/\/www.caririemacao.com\/1\/wp-json\/wp\/v2\/users\/1"}],"replies":[{"embeddable":true,"href":"https:\/\/www.caririemacao.com\/1\/wp-json\/wp\/v2\/comments?post=104098"}],"version-history":[{"count":2,"href":"https:\/\/www.caririemacao.com\/1\/wp-json\/wp\/v2\/posts\/104098\/revisions"}],"predecessor-version":[{"id":104128,"href":"https:\/\/www.caririemacao.com\/1\/wp-json\/wp\/v2\/posts\/104098\/revisions\/104128"}],"wp:featuredmedia":[{"embeddable":true,"href":"https:\/\/www.caririemacao.com\/1\/wp-json\/wp\/v2\/media\/104099"}],"wp:attachment":[{"href":"https:\/\/www.caririemacao.com\/1\/wp-json\/wp\/v2\/media?parent=104098"}],"wp:term":[{"taxonomy":"category","embeddable":true,"href":"https:\/\/www.caririemacao.com\/1\/wp-json\/wp\/v2\/categories?post=104098"},{"taxonomy":"post_tag","embeddable":true,"href":"https:\/\/www.caririemacao.com\/1\/wp-json\/wp\/v2\/tags?post=104098"}],"curies":[{"name":"wp","href":"https:\/\/api.w.org\/{rel}","templated":true}]}}