{"id":104110,"date":"2019-07-10T21:49:45","date_gmt":"2019-07-11T00:49:45","guid":{"rendered":"http:\/\/www.caririemacao.com\/1\/?p=104110"},"modified":"2019-07-10T21:49:45","modified_gmt":"2019-07-11T00:49:45","slug":"saiba-como-votou-cada-deputado-paraibano-na-reforma-da-previdencia","status":"publish","type":"post","link":"https:\/\/www.caririemacao.com\/1\/2019\/07\/10\/saiba-como-votou-cada-deputado-paraibano-na-reforma-da-previdencia\/","title":{"rendered":"Saiba como votou cada deputado paraibano na reforma da Previd\u00eancia"},"content":{"rendered":"\n<p>A maioria dos deputados federais paraibanos votou a favor do projeto de reforma da Previd\u00eancia do Governo Bolsonaro, durante sess\u00e3o da C\u00e2mara dos Deputados nesta quarta-feira (10).<\/p>\n\n\n\n<p>Veja abaixo como se posicionou cada parlamentar em rela\u00e7\u00e3o ao texto.<\/p>\n\n\n\n<p>Aguinaldo Ribeiro (PP)&nbsp;<strong>SIM<\/strong><\/p>\n\n\n\n<p>Dami\u00e3o Feliciano (PDT)&nbsp;<strong>N\u00c3O<\/strong><\/p>\n\n\n\n<p>Edna Henrique (PSDB)&nbsp;<strong>SIM<\/strong><\/p>\n\n\n\n<p>Efraim Filho (DEM)&nbsp;<strong>SIM<\/strong><\/p>\n\n\n\n<p>Frei Anast\u00e1cio Ribeiro (PT)&nbsp;<strong>N\u00c3O<\/strong><\/p>\n\n\n\n<p>Gerv\u00e1sio Maia (PSB)&nbsp;<strong>N\u00c3O<\/strong><\/p>\n\n\n\n<p>Hugo Motta (PRB)&nbsp;<strong>N\u00c3O<\/strong><\/p>\n\n\n\n<p>Julian Lemos (PSL)&nbsp;<strong>SIM<\/strong><\/p>\n\n\n\n<p>Pedro Cunha Lima (PSDB)&nbsp;<strong>SIM<\/strong><\/p>\n\n\n\n<p>Ruy Carneiro (PSDB)&nbsp;<strong>SIM<\/strong><\/p>\n\n\n\n<p>Wellington Roberto (PL)&nbsp;<strong>SIM<\/strong><\/p>\n\n\n\n<p>Wilson Santiago (PTB)&nbsp;<strong>SIM<\/strong><\/p>\n","protected":false},"excerpt":{"rendered":"<p>A maioria dos deputados federais paraibanos votou a favor do projeto de reforma da Previd\u00eancia do Governo Bolsonaro, durante sess\u00e3o da C\u00e2mara dos Deputados nesta&hellip; <\/p>\n","protected":false},"author":1,"featured_media":104111,"comment_status":"closed","ping_status":"closed","sticky":false,"template":"","format":"standard","meta":{"sfsi_plus_gutenberg_text_before_share":"","sfsi_plus_gutenberg_show_text_before_share":"","sfsi_plus_gutenberg_icon_type":"","sfsi_plus_gutenberg_icon_alignemt":"","sfsi_plus_gutenburg_max_per_row":"","footnotes":""},"categories":[11],"tags":[],"class_list":["post-104110","post","type-post","status-publish","format-standard","has-post-thumbnail","hentry","category-politica"],"_links":{"self":[{"href":"https:\/\/www.caririemacao.com\/1\/wp-json\/wp\/v2\/posts\/104110","targetHints":{"allow":["GET"]}}],"collection":[{"href":"https:\/\/www.caririemacao.com\/1\/wp-json\/wp\/v2\/posts"}],"about":[{"href":"https:\/\/www.caririemacao.com\/1\/wp-json\/wp\/v2\/types\/post"}],"author":[{"embeddable":true,"href":"https:\/\/www.caririemacao.com\/1\/wp-json\/wp\/v2\/users\/1"}],"replies":[{"embeddable":true,"href":"https:\/\/www.caririemacao.com\/1\/wp-json\/wp\/v2\/comments?post=104110"}],"version-history":[{"count":1,"href":"https:\/\/www.caririemacao.com\/1\/wp-json\/wp\/v2\/posts\/104110\/revisions"}],"predecessor-version":[{"id":104112,"href":"https:\/\/www.caririemacao.com\/1\/wp-json\/wp\/v2\/posts\/104110\/revisions\/104112"}],"wp:featuredmedia":[{"embeddable":true,"href":"https:\/\/www.caririemacao.com\/1\/wp-json\/wp\/v2\/media\/104111"}],"wp:attachment":[{"href":"https:\/\/www.caririemacao.com\/1\/wp-json\/wp\/v2\/media?parent=104110"}],"wp:term":[{"taxonomy":"category","embeddable":true,"href":"https:\/\/www.caririemacao.com\/1\/wp-json\/wp\/v2\/categories?post=104110"},{"taxonomy":"post_tag","embeddable":true,"href":"https:\/\/www.caririemacao.com\/1\/wp-json\/wp\/v2\/tags?post=104110"}],"curies":[{"name":"wp","href":"https:\/\/api.w.org\/{rel}","templated":true}]}}