{"id":104122,"date":"2019-07-11T00:32:35","date_gmt":"2019-07-11T03:32:35","guid":{"rendered":"http:\/\/www.caririemacao.com\/1\/?p=104122"},"modified":"2019-07-11T00:32:35","modified_gmt":"2019-07-11T03:32:35","slug":"prefeito-jefferson-anuncia-nesta-sexta-feira-a-1a-atracao-do-festival-do-mel","status":"publish","type":"post","link":"https:\/\/www.caririemacao.com\/1\/2019\/07\/11\/prefeito-jefferson-anuncia-nesta-sexta-feira-a-1a-atracao-do-festival-do-mel\/","title":{"rendered":"Prefeito Jefferson anuncia, nesta sexta-feira, a 1\u00aa atra\u00e7\u00e3o do Festival do Mel"},"content":{"rendered":"\n<p>Ser\u00e1 anunciada nesta\nsexta-feira, dia 12, a primeira atra\u00e7\u00e3o do XI edi\u00e7\u00e3o do Festival do Mel 2019. O\nanuncio ser\u00e1 feito pelo prefeito de S\u00e3o Jos\u00e9 dos Cordeiros, Jefferson Roberto<\/p>\n\n\n\n<p>O Festival do Mel \u00e9 promovido\npela Prefeitura de S\u00e3o Jos\u00e9 dos Cordeiros e acontecer\u00e1 nos dias 29, 30 e 31 de\nagosto.<\/p>\n","protected":false},"excerpt":{"rendered":"<p>Ser\u00e1 anunciada nesta sexta-feira, dia 12, a primeira atra\u00e7\u00e3o do XI edi\u00e7\u00e3o do Festival do Mel 2019. O anuncio ser\u00e1 feito pelo prefeito de S\u00e3o&hellip; <\/p>\n","protected":false},"author":1,"featured_media":104123,"comment_status":"closed","ping_status":"closed","sticky":false,"template":"","format":"standard","meta":{"sfsi_plus_gutenberg_text_before_share":"","sfsi_plus_gutenberg_show_text_before_share":"","sfsi_plus_gutenberg_icon_type":"","sfsi_plus_gutenberg_icon_alignemt":"","sfsi_plus_gutenburg_max_per_row":"","footnotes":""},"categories":[6,50],"tags":[],"class_list":["post-104122","post","type-post","status-publish","format-standard","has-post-thumbnail","hentry","category-cidades","category-destaque"],"_links":{"self":[{"href":"https:\/\/www.caririemacao.com\/1\/wp-json\/wp\/v2\/posts\/104122","targetHints":{"allow":["GET"]}}],"collection":[{"href":"https:\/\/www.caririemacao.com\/1\/wp-json\/wp\/v2\/posts"}],"about":[{"href":"https:\/\/www.caririemacao.com\/1\/wp-json\/wp\/v2\/types\/post"}],"author":[{"embeddable":true,"href":"https:\/\/www.caririemacao.com\/1\/wp-json\/wp\/v2\/users\/1"}],"replies":[{"embeddable":true,"href":"https:\/\/www.caririemacao.com\/1\/wp-json\/wp\/v2\/comments?post=104122"}],"version-history":[{"count":1,"href":"https:\/\/www.caririemacao.com\/1\/wp-json\/wp\/v2\/posts\/104122\/revisions"}],"predecessor-version":[{"id":104124,"href":"https:\/\/www.caririemacao.com\/1\/wp-json\/wp\/v2\/posts\/104122\/revisions\/104124"}],"wp:featuredmedia":[{"embeddable":true,"href":"https:\/\/www.caririemacao.com\/1\/wp-json\/wp\/v2\/media\/104123"}],"wp:attachment":[{"href":"https:\/\/www.caririemacao.com\/1\/wp-json\/wp\/v2\/media?parent=104122"}],"wp:term":[{"taxonomy":"category","embeddable":true,"href":"https:\/\/www.caririemacao.com\/1\/wp-json\/wp\/v2\/categories?post=104122"},{"taxonomy":"post_tag","embeddable":true,"href":"https:\/\/www.caririemacao.com\/1\/wp-json\/wp\/v2\/tags?post=104122"}],"curies":[{"name":"wp","href":"https:\/\/api.w.org\/{rel}","templated":true}]}}