{"id":104125,"date":"2019-07-11T00:39:16","date_gmt":"2019-07-11T03:39:16","guid":{"rendered":"http:\/\/www.caririemacao.com\/1\/?p=104125"},"modified":"2019-07-11T00:39:16","modified_gmt":"2019-07-11T03:39:16","slug":"prefeitura-de-zabele-entrega-certificados-do-curso-especializado-para-condutores-de-veiculos-de-transporte-escolar","status":"publish","type":"post","link":"https:\/\/www.caririemacao.com\/1\/2019\/07\/11\/prefeitura-de-zabele-entrega-certificados-do-curso-especializado-para-condutores-de-veiculos-de-transporte-escolar\/","title":{"rendered":"Prefeitura de Zabel\u00ea entrega Certificados do Curso Especializado para Condutores de Ve\u00edculos de Transporte Escolar"},"content":{"rendered":"\n<p>A Prefeitura Municipal de Zabel\u00ea, por meio da Secretaria\nMunicipal de Educa\u00e7\u00e3o, realizou na \u00faltima segunda-feira (08) a entrega de\nCertificados do Curso Especializado para Condutores de Ve\u00edculos de Transporte\nEscolar. <\/p>\n\n\n\n<p>Na ocasi\u00e3o estiveram presentes o vice-prefeito, Jos\u00e9 Cl\u00e1udio\nde Souza, representando o prefeito Dalyson Neves, secret\u00e1ria de Educa\u00e7\u00e3o, Marleide\nOliveira, presidente da C\u00e2mara, Pedro Apolin\u00e1rio e demais Vereadores.<\/p>\n","protected":false},"excerpt":{"rendered":"<p>A Prefeitura Municipal de Zabel\u00ea, por meio da Secretaria Municipal de Educa\u00e7\u00e3o, realizou na \u00faltima segunda-feira (08) a entrega de Certificados do Curso Especializado para&hellip; <\/p>\n","protected":false},"author":1,"featured_media":104126,"comment_status":"closed","ping_status":"closed","sticky":false,"template":"","format":"standard","meta":{"sfsi_plus_gutenberg_text_before_share":"","sfsi_plus_gutenberg_show_text_before_share":"","sfsi_plus_gutenberg_icon_type":"","sfsi_plus_gutenberg_icon_alignemt":"","sfsi_plus_gutenburg_max_per_row":"","footnotes":""},"categories":[50,2],"tags":[],"class_list":["post-104125","post","type-post","status-publish","format-standard","has-post-thumbnail","hentry","category-destaque","category-geral"],"_links":{"self":[{"href":"https:\/\/www.caririemacao.com\/1\/wp-json\/wp\/v2\/posts\/104125","targetHints":{"allow":["GET"]}}],"collection":[{"href":"https:\/\/www.caririemacao.com\/1\/wp-json\/wp\/v2\/posts"}],"about":[{"href":"https:\/\/www.caririemacao.com\/1\/wp-json\/wp\/v2\/types\/post"}],"author":[{"embeddable":true,"href":"https:\/\/www.caririemacao.com\/1\/wp-json\/wp\/v2\/users\/1"}],"replies":[{"embeddable":true,"href":"https:\/\/www.caririemacao.com\/1\/wp-json\/wp\/v2\/comments?post=104125"}],"version-history":[{"count":1,"href":"https:\/\/www.caririemacao.com\/1\/wp-json\/wp\/v2\/posts\/104125\/revisions"}],"predecessor-version":[{"id":104127,"href":"https:\/\/www.caririemacao.com\/1\/wp-json\/wp\/v2\/posts\/104125\/revisions\/104127"}],"wp:featuredmedia":[{"embeddable":true,"href":"https:\/\/www.caririemacao.com\/1\/wp-json\/wp\/v2\/media\/104126"}],"wp:attachment":[{"href":"https:\/\/www.caririemacao.com\/1\/wp-json\/wp\/v2\/media?parent=104125"}],"wp:term":[{"taxonomy":"category","embeddable":true,"href":"https:\/\/www.caririemacao.com\/1\/wp-json\/wp\/v2\/categories?post=104125"},{"taxonomy":"post_tag","embeddable":true,"href":"https:\/\/www.caririemacao.com\/1\/wp-json\/wp\/v2\/tags?post=104125"}],"curies":[{"name":"wp","href":"https:\/\/api.w.org\/{rel}","templated":true}]}}