{"id":104129,"date":"2019-07-11T13:11:49","date_gmt":"2019-07-11T16:11:49","guid":{"rendered":"http:\/\/www.caririemacao.com\/1\/?p=104129"},"modified":"2019-07-11T13:29:11","modified_gmt":"2019-07-11T16:29:11","slug":"acelera-microcredito-monteiro-sedia-evento-regional-do-bnb","status":"publish","type":"post","link":"https:\/\/www.caririemacao.com\/1\/2019\/07\/11\/acelera-microcredito-monteiro-sedia-evento-regional-do-bnb\/","title":{"rendered":"ACELERA MICROCR\u00c9DITO: Monteiro sedia evento regional do BNB"},"content":{"rendered":"\n<p>A cidade de Monteiro sediou na manh\u00e3 desta quarta-feira, dia 10, um importante evento promovido pelo Banco do Nordeste. O evento denominado \u201cAcelera Microcr\u00e9dito\u201d foi uma a\u00e7\u00e3o realizada na Pra\u00e7a Jo\u00e3o Pessoa, centro da cidade.<\/p>\n\n\n\n<figure class=\"wp-block-image\"><img fetchpriority=\"high\" decoding=\"async\" width=\"1024\" height=\"682\" src=\"http:\/\/www.caririemacao.com\/1\/wp-content\/uploads\/2019\/07\/DSC_0045-1024x682.jpg\" alt=\"\" class=\"wp-image-104209\" srcset=\"https:\/\/www.caririemacao.com\/1\/wp-content\/uploads\/2019\/07\/DSC_0045-1024x682.jpg 1024w, https:\/\/www.caririemacao.com\/1\/wp-content\/uploads\/2019\/07\/DSC_0045-300x200.jpg 300w, https:\/\/www.caririemacao.com\/1\/wp-content\/uploads\/2019\/07\/DSC_0045-768x512.jpg 768w, https:\/\/www.caririemacao.com\/1\/wp-content\/uploads\/2019\/07\/DSC_0045.jpg 1280w\" sizes=\"(max-width: 1024px) 100vw, 1024px\" \/><\/figure>\n\n\n\n<p>O evento proporcionou ao p\u00fablico presente v\u00e1rios servi\u00e7os gratuitos como atendimentos sociais, de sa\u00fade e acesso facilitado ao cr\u00e9dito como forma de gerar oportunidades de investimentos nos pequenos neg\u00f3cios da cidade e regi\u00e3o circunvizinha. <\/p>\n\n\n\n<figure class=\"wp-block-image\"><img decoding=\"async\" width=\"1024\" height=\"682\" data-src=\"http:\/\/www.caririemacao.com\/1\/wp-content\/uploads\/2019\/07\/DSC_0110-1024x682.jpg\" alt=\"\" class=\"wp-image-104210 lazyload\" data-srcset=\"https:\/\/www.caririemacao.com\/1\/wp-content\/uploads\/2019\/07\/DSC_0110-1024x682.jpg 1024w, https:\/\/www.caririemacao.com\/1\/wp-content\/uploads\/2019\/07\/DSC_0110-300x200.jpg 300w, https:\/\/www.caririemacao.com\/1\/wp-content\/uploads\/2019\/07\/DSC_0110-768x512.jpg 768w, https:\/\/www.caririemacao.com\/1\/wp-content\/uploads\/2019\/07\/DSC_0110.jpg 1280w\" data-sizes=\"(max-width: 1024px) 100vw, 1024px\" src=\"data:image\/svg+xml;base64,PHN2ZyB3aWR0aD0iMSIgaGVpZ2h0PSIxIiB4bWxucz0iaHR0cDovL3d3dy53My5vcmcvMjAwMC9zdmciPjwvc3ZnPg==\" style=\"--smush-placeholder-width: 1024px; --smush-placeholder-aspect-ratio: 1024\/682;\" \/><\/figure>\n\n\n\n<p>Al\u00e9m disso, houve a exposi\u00e7\u00e3o e vendas de produtos locais, apresenta\u00e7\u00f5es culturais, entretenimento para crian\u00e7as e atendimento negocial das equipes dos programas de microcr\u00e9dito urbano, o Crediamigo, e rural, o Agroamigo.<\/p>\n\n\n\n<figure class=\"wp-block-image\"><img decoding=\"async\" width=\"1024\" height=\"682\" data-src=\"http:\/\/www.caririemacao.com\/1\/wp-content\/uploads\/2019\/07\/DSC_0028-1024x682.jpg\" alt=\"\" class=\"wp-image-104211 lazyload\" data-srcset=\"https:\/\/www.caririemacao.com\/1\/wp-content\/uploads\/2019\/07\/DSC_0028-1024x682.jpg 1024w, https:\/\/www.caririemacao.com\/1\/wp-content\/uploads\/2019\/07\/DSC_0028-300x200.jpg 300w, https:\/\/www.caririemacao.com\/1\/wp-content\/uploads\/2019\/07\/DSC_0028-768x512.jpg 768w, https:\/\/www.caririemacao.com\/1\/wp-content\/uploads\/2019\/07\/DSC_0028.jpg 1280w\" data-sizes=\"(max-width: 1024px) 100vw, 1024px\" src=\"data:image\/svg+xml;base64,PHN2ZyB3aWR0aD0iMSIgaGVpZ2h0PSIxIiB4bWxucz0iaHR0cDovL3d3dy53My5vcmcvMjAwMC9zdmciPjwvc3ZnPg==\" style=\"--smush-placeholder-width: 1024px; --smush-placeholder-aspect-ratio: 1024\/682;\" \/><\/figure>\n\n\n\n<p>Segundo o gerente em exerc\u00edcio do BNB, Milton Neves, o Acelera Microcr\u00e9dito veio refor\u00e7ar a rela\u00e7\u00e3o do Banco do Nordeste com o setor produtivo, enquanto institui\u00e7\u00e3o financeira de desenvolvimento.<\/p>\n\n\n\n<figure class=\"wp-block-image\"><img decoding=\"async\" width=\"1024\" height=\"682\" data-src=\"http:\/\/www.caririemacao.com\/1\/wp-content\/uploads\/2019\/07\/DSC_0091-1024x682.jpg\" alt=\"\" class=\"wp-image-104213 lazyload\" data-srcset=\"https:\/\/www.caririemacao.com\/1\/wp-content\/uploads\/2019\/07\/DSC_0091-1024x682.jpg 1024w, https:\/\/www.caririemacao.com\/1\/wp-content\/uploads\/2019\/07\/DSC_0091-300x200.jpg 300w, https:\/\/www.caririemacao.com\/1\/wp-content\/uploads\/2019\/07\/DSC_0091-768x512.jpg 768w, https:\/\/www.caririemacao.com\/1\/wp-content\/uploads\/2019\/07\/DSC_0091.jpg 1280w\" data-sizes=\"(max-width: 1024px) 100vw, 1024px\" src=\"data:image\/svg+xml;base64,PHN2ZyB3aWR0aD0iMSIgaGVpZ2h0PSIxIiB4bWxucz0iaHR0cDovL3d3dy53My5vcmcvMjAwMC9zdmciPjwvc3ZnPg==\" style=\"--smush-placeholder-width: 1024px; --smush-placeholder-aspect-ratio: 1024\/682;\" \/><\/figure>\n\n\n\n<p>O evento contou com a apresenta\u00e7\u00e3o da Banda CaririBones e a presen\u00e7a do gerente em exerc\u00edcio da ag\u00eancia de Monteiro do Banco do Nordeste, Milton Neves, do gerente de Microfinan\u00e7as (Pedro Ivo), do coordenador regional (Cl\u00e1udio Dantas), do coordenador do Agroamigo (Josemar Gomes da Silva), da secret\u00e1ria de Sa\u00fade de Monteiro (Ana Paula), e da representante do Sebrae (Jacqueline).<\/p>\n\n\n\n<figure class=\"wp-block-image\"><img decoding=\"async\" width=\"1024\" height=\"682\" data-src=\"http:\/\/www.caririemacao.com\/1\/wp-content\/uploads\/2019\/07\/DSC_0122-1024x682.jpg\" alt=\"\" class=\"wp-image-104214 lazyload\" data-srcset=\"https:\/\/www.caririemacao.com\/1\/wp-content\/uploads\/2019\/07\/DSC_0122-1024x682.jpg 1024w, https:\/\/www.caririemacao.com\/1\/wp-content\/uploads\/2019\/07\/DSC_0122-300x200.jpg 300w, https:\/\/www.caririemacao.com\/1\/wp-content\/uploads\/2019\/07\/DSC_0122-768x512.jpg 768w, https:\/\/www.caririemacao.com\/1\/wp-content\/uploads\/2019\/07\/DSC_0122.jpg 1280w\" data-sizes=\"(max-width: 1024px) 100vw, 1024px\" src=\"data:image\/svg+xml;base64,PHN2ZyB3aWR0aD0iMSIgaGVpZ2h0PSIxIiB4bWxucz0iaHR0cDovL3d3dy53My5vcmcvMjAwMC9zdmciPjwvc3ZnPg==\" style=\"--smush-placeholder-width: 1024px; --smush-placeholder-aspect-ratio: 1024\/682;\" \/><\/figure>\n\n\n\n<p>Na solenidade, a prefeita de Monteiro, Ana Lorena de Farias Leite N\u00f3brega foi representada pela secret\u00e1ria executiva de sa\u00fade, Viviane.<\/p>\n\n\n\n<figure class=\"wp-block-image\"><img decoding=\"async\" width=\"1024\" height=\"682\" data-src=\"http:\/\/www.caririemacao.com\/1\/wp-content\/uploads\/2019\/07\/DSC_0080-1024x682.jpg\" alt=\"\" class=\"wp-image-104215 lazyload\" data-srcset=\"https:\/\/www.caririemacao.com\/1\/wp-content\/uploads\/2019\/07\/DSC_0080-1024x682.jpg 1024w, https:\/\/www.caririemacao.com\/1\/wp-content\/uploads\/2019\/07\/DSC_0080-300x200.jpg 300w, https:\/\/www.caririemacao.com\/1\/wp-content\/uploads\/2019\/07\/DSC_0080-768x512.jpg 768w, https:\/\/www.caririemacao.com\/1\/wp-content\/uploads\/2019\/07\/DSC_0080.jpg 1280w\" data-sizes=\"(max-width: 1024px) 100vw, 1024px\" src=\"data:image\/svg+xml;base64,PHN2ZyB3aWR0aD0iMSIgaGVpZ2h0PSIxIiB4bWxucz0iaHR0cDovL3d3dy53My5vcmcvMjAwMC9zdmciPjwvc3ZnPg==\" style=\"--smush-placeholder-width: 1024px; --smush-placeholder-aspect-ratio: 1024\/682;\" \/><\/figure>\n\n\n\n<p>O Acelera Microcr\u00e9dito teve o apoio da Prefeitura Municipal de Monteiro, Secretaria de Sa\u00fade, Sebrae, CPNet, IFPB e Maravilha Motos e a a organiza\u00e7\u00e3o ficou por conta da empresa AL Entretimentos.<\/p>\n\n\n\n<figure class=\"wp-block-image\"><img decoding=\"async\" width=\"1024\" height=\"682\" data-src=\"http:\/\/www.caririemacao.com\/1\/wp-content\/uploads\/2019\/07\/DSC_0055-1024x682.jpg\" alt=\"\" class=\"wp-image-104216 lazyload\" data-srcset=\"https:\/\/www.caririemacao.com\/1\/wp-content\/uploads\/2019\/07\/DSC_0055-1024x682.jpg 1024w, https:\/\/www.caririemacao.com\/1\/wp-content\/uploads\/2019\/07\/DSC_0055-300x200.jpg 300w, https:\/\/www.caririemacao.com\/1\/wp-content\/uploads\/2019\/07\/DSC_0055-768x512.jpg 768w, https:\/\/www.caririemacao.com\/1\/wp-content\/uploads\/2019\/07\/DSC_0055.jpg 1280w\" data-sizes=\"(max-width: 1024px) 100vw, 1024px\" src=\"data:image\/svg+xml;base64,PHN2ZyB3aWR0aD0iMSIgaGVpZ2h0PSIxIiB4bWxucz0iaHR0cDovL3d3dy53My5vcmcvMjAwMC9zdmciPjwvc3ZnPg==\" style=\"--smush-placeholder-width: 1024px; --smush-placeholder-aspect-ratio: 1024\/682;\" \/><\/figure>\n\n\n\n<p><a href=\"https:\/\/www.facebook.com\/pg\/CaririEmAcao\/photos\/?tab=album&amp;album_id=1594453754023975\">CLIQUE AQUI E VEJA TODAS AS FOTOS DO EVENTO.<\/a><\/p>\n\n\n\n<p><\/p>\n","protected":false},"excerpt":{"rendered":"<p>A cidade de Monteiro sediou na manh\u00e3 desta quarta-feira, dia 10, um importante evento promovido pelo Banco do Nordeste. O evento denominado \u201cAcelera Microcr\u00e9dito\u201d foi&hellip; <\/p>\n","protected":false},"author":1,"featured_media":104208,"comment_status":"closed","ping_status":"closed","sticky":false,"template":"","format":"standard","meta":{"sfsi_plus_gutenberg_text_before_share":"","sfsi_plus_gutenberg_show_text_before_share":"","sfsi_plus_gutenberg_icon_type":"","sfsi_plus_gutenberg_icon_alignemt":"","sfsi_plus_gutenburg_max_per_row":"","footnotes":""},"categories":[6,50],"tags":[],"class_list":["post-104129","post","type-post","status-publish","format-standard","has-post-thumbnail","hentry","category-cidades","category-destaque"],"_links":{"self":[{"href":"https:\/\/www.caririemacao.com\/1\/wp-json\/wp\/v2\/posts\/104129","targetHints":{"allow":["GET"]}}],"collection":[{"href":"https:\/\/www.caririemacao.com\/1\/wp-json\/wp\/v2\/posts"}],"about":[{"href":"https:\/\/www.caririemacao.com\/1\/wp-json\/wp\/v2\/types\/post"}],"author":[{"embeddable":true,"href":"https:\/\/www.caririemacao.com\/1\/wp-json\/wp\/v2\/users\/1"}],"replies":[{"embeddable":true,"href":"https:\/\/www.caririemacao.com\/1\/wp-json\/wp\/v2\/comments?post=104129"}],"version-history":[{"count":3,"href":"https:\/\/www.caririemacao.com\/1\/wp-json\/wp\/v2\/posts\/104129\/revisions"}],"predecessor-version":[{"id":104217,"href":"https:\/\/www.caririemacao.com\/1\/wp-json\/wp\/v2\/posts\/104129\/revisions\/104217"}],"wp:featuredmedia":[{"embeddable":true,"href":"https:\/\/www.caririemacao.com\/1\/wp-json\/wp\/v2\/media\/104208"}],"wp:attachment":[{"href":"https:\/\/www.caririemacao.com\/1\/wp-json\/wp\/v2\/media?parent=104129"}],"wp:term":[{"taxonomy":"category","embeddable":true,"href":"https:\/\/www.caririemacao.com\/1\/wp-json\/wp\/v2\/categories?post=104129"},{"taxonomy":"post_tag","embeddable":true,"href":"https:\/\/www.caririemacao.com\/1\/wp-json\/wp\/v2\/tags?post=104129"}],"curies":[{"name":"wp","href":"https:\/\/api.w.org\/{rel}","templated":true}]}}