{"id":104131,"date":"2019-07-11T01:25:50","date_gmt":"2019-07-11T04:25:50","guid":{"rendered":"http:\/\/www.caririemacao.com\/1\/?p=104131"},"modified":"2019-07-11T01:25:50","modified_gmt":"2019-07-11T04:25:50","slug":"edna-henrique-vota-a-favor-da-reforma-da-previdencia","status":"publish","type":"post","link":"https:\/\/www.caririemacao.com\/1\/2019\/07\/11\/edna-henrique-vota-a-favor-da-reforma-da-previdencia\/","title":{"rendered":"Edna Henrique vota a FAVOR da reforma da Previd\u00eancia"},"content":{"rendered":"\n<p>A deputada federal rec\u00e9m-eleita, Edna Henrique (PSDB), esposa do deputado estadual Jo\u00e3o Henrique,  seguiu a maioria dos deputados federais paraibanos e votou a favor da reforma da previd\u00eancia, aprovada em 1\u00ba turno na C\u00e2mara dos Deputados Federais em Bras\u00edlia.<\/p>\n\n\n\n<p>A deputada Edna Henrique acompanhou a reforma da Previd\u00eancia enviada\npelo presidente Jair Bolsonaro, durante sess\u00e3o da C\u00e2mara dos Deputados nesta\nquarta-feira (10).<\/p>\n\n\n\n<p>Vale destacar que a deputada e ex-prefeita de Monteiro chegou\na comentar em meios de comunica\u00e7\u00e3o que seu voto n\u00e3o iria contrariar os\ninteresses da popula\u00e7\u00e3o, principalmente dos mais carentes. <\/p>\n\n\n\n<p>Agora basta saber se a deputada consultou as pessoas antes de\nvotar a favor do projeto do presidente Jair Bolsonaro, votando na t\u00e3o pol\u00eamica\nreforma da previd\u00eancia. <\/p>\n\n\n\n<p>Veja abaixo como se posicionou cada parlamentar em rela\u00e7\u00e3o ao texto.<\/p>\n\n\n\n<p>Aguinaldo Ribeiro (PP)&nbsp;<strong>SIM<\/strong><\/p>\n\n\n\n<p>Dami\u00e3o Feliciano (PDT)&nbsp;<strong>N\u00c3O<\/strong><\/p>\n\n\n\n<p>Edna Henrique (PSDB)&nbsp;<strong>SIM<\/strong><\/p>\n\n\n\n<p>Efraim Filho (DEM)&nbsp;<strong>SIM<\/strong><\/p>\n\n\n\n<p>Frei Anast\u00e1cio Ribeiro (PT)&nbsp;<strong>N\u00c3O<\/strong><\/p>\n\n\n\n<p>Gerv\u00e1sio Maia (PSB)&nbsp;<strong>N\u00c3O<\/strong><\/p>\n\n\n\n<p>Hugo Motta (PRB)&nbsp;<strong>N\u00c3O<\/strong><\/p>\n\n\n\n<p>Julian Lemos (PSL)&nbsp;<strong>SIM<\/strong><\/p>\n\n\n\n<p>Pedro Cunha Lima (PSDB)&nbsp;<strong>SIM<\/strong><\/p>\n\n\n\n<p>Ruy Carneiro (PSDB)&nbsp;<strong>SIM<\/strong><\/p>\n\n\n\n<p>Wellington Roberto (PL)&nbsp;<strong>SIM<\/strong><\/p>\n\n\n\n<p>Wilson Santiago (PTB)&nbsp;<strong>SIM<\/strong><br><\/p>\n","protected":false},"excerpt":{"rendered":"<p>A deputada federal rec\u00e9m-eleita, Edna Henrique (PSDB), esposa do deputado estadual Jo\u00e3o Henrique, seguiu a maioria dos deputados federais paraibanos e votou a favor da&hellip; <\/p>\n","protected":false},"author":1,"featured_media":104133,"comment_status":"closed","ping_status":"closed","sticky":false,"template":"","format":"standard","meta":{"sfsi_plus_gutenberg_text_before_share":"","sfsi_plus_gutenberg_show_text_before_share":"","sfsi_plus_gutenberg_icon_type":"","sfsi_plus_gutenberg_icon_alignemt":"","sfsi_plus_gutenburg_max_per_row":"","footnotes":""},"categories":[50,11],"tags":[],"class_list":["post-104131","post","type-post","status-publish","format-standard","has-post-thumbnail","hentry","category-destaque","category-politica"],"_links":{"self":[{"href":"https:\/\/www.caririemacao.com\/1\/wp-json\/wp\/v2\/posts\/104131","targetHints":{"allow":["GET"]}}],"collection":[{"href":"https:\/\/www.caririemacao.com\/1\/wp-json\/wp\/v2\/posts"}],"about":[{"href":"https:\/\/www.caririemacao.com\/1\/wp-json\/wp\/v2\/types\/post"}],"author":[{"embeddable":true,"href":"https:\/\/www.caririemacao.com\/1\/wp-json\/wp\/v2\/users\/1"}],"replies":[{"embeddable":true,"href":"https:\/\/www.caririemacao.com\/1\/wp-json\/wp\/v2\/comments?post=104131"}],"version-history":[{"count":1,"href":"https:\/\/www.caririemacao.com\/1\/wp-json\/wp\/v2\/posts\/104131\/revisions"}],"predecessor-version":[{"id":104134,"href":"https:\/\/www.caririemacao.com\/1\/wp-json\/wp\/v2\/posts\/104131\/revisions\/104134"}],"wp:featuredmedia":[{"embeddable":true,"href":"https:\/\/www.caririemacao.com\/1\/wp-json\/wp\/v2\/media\/104133"}],"wp:attachment":[{"href":"https:\/\/www.caririemacao.com\/1\/wp-json\/wp\/v2\/media?parent=104131"}],"wp:term":[{"taxonomy":"category","embeddable":true,"href":"https:\/\/www.caririemacao.com\/1\/wp-json\/wp\/v2\/categories?post=104131"},{"taxonomy":"post_tag","embeddable":true,"href":"https:\/\/www.caririemacao.com\/1\/wp-json\/wp\/v2\/tags?post=104131"}],"curies":[{"name":"wp","href":"https:\/\/api.w.org\/{rel}","templated":true}]}}