{"id":104139,"date":"2019-07-11T07:47:50","date_gmt":"2019-07-11T10:47:50","guid":{"rendered":"http:\/\/www.caririemacao.com\/1\/?p=104139"},"modified":"2019-07-11T07:47:50","modified_gmt":"2019-07-11T10:47:50","slug":"maioria-dos-deputados-paraibanos-votou-a-favor-da-reforma-da-previdencia","status":"publish","type":"post","link":"https:\/\/www.caririemacao.com\/1\/2019\/07\/11\/maioria-dos-deputados-paraibanos-votou-a-favor-da-reforma-da-previdencia\/","title":{"rendered":"Maioria dos deputados paraibanos votou a favor da Reforma da Previd\u00eancia"},"content":{"rendered":"\n<p>O projeto da reforma da Previd\u00eancia foi votada, nesta quarta-feira (10), durante sess\u00e3o na C\u00e2mara dos Deputados. A maioria dos deputados federais paraibanos votou a favor do projeto.\u00a0 <\/p>\n\n\n\n<p>Dos 12 deputados federais, 8 votaram a favor e 4 contra.<\/p>\n\n\n\n<p>Confira abaixo a lista de vota\u00e7\u00e3o<\/p>\n\n\n\n<p>Aguinaldo Ribeiro (PP)&nbsp;SIM<br>Dami\u00e3o Feliciano (PDT)&nbsp;N\u00c3O<br>Edna Henrique (PSDB)&nbsp;SIM<br>Efraim Filho (DEM)&nbsp;SIM<br>Frei Anast\u00e1cio Ribeiro (PT)&nbsp;N\u00c3O<br>Gerv\u00e1sio Maia (PSB)&nbsp;N\u00c3O<br>Hugo Motta (PRB)&nbsp;N\u00c3O<br>Julian Lemos (PSL)&nbsp;SIM<br>Pedro Cunha Lima (PSDB)&nbsp;SIM<br>Ruy Carneiro (PSDB)&nbsp;SIM<br>Wellington Roberto (PL)&nbsp;SIM<br>Wilson Santiago (PTB)&nbsp;SIM<\/p>\n","protected":false},"excerpt":{"rendered":"<p>O projeto da reforma da Previd\u00eancia foi votada, nesta quarta-feira (10), durante sess\u00e3o na C\u00e2mara dos Deputados. A maioria dos deputados federais paraibanos votou a&hellip; <\/p>\n","protected":false},"author":1,"featured_media":104140,"comment_status":"closed","ping_status":"closed","sticky":false,"template":"","format":"standard","meta":{"sfsi_plus_gutenberg_text_before_share":"","sfsi_plus_gutenberg_show_text_before_share":"","sfsi_plus_gutenberg_icon_type":"","sfsi_plus_gutenberg_icon_alignemt":"","sfsi_plus_gutenburg_max_per_row":"","footnotes":""},"categories":[11],"tags":[],"class_list":["post-104139","post","type-post","status-publish","format-standard","has-post-thumbnail","hentry","category-politica"],"_links":{"self":[{"href":"https:\/\/www.caririemacao.com\/1\/wp-json\/wp\/v2\/posts\/104139","targetHints":{"allow":["GET"]}}],"collection":[{"href":"https:\/\/www.caririemacao.com\/1\/wp-json\/wp\/v2\/posts"}],"about":[{"href":"https:\/\/www.caririemacao.com\/1\/wp-json\/wp\/v2\/types\/post"}],"author":[{"embeddable":true,"href":"https:\/\/www.caririemacao.com\/1\/wp-json\/wp\/v2\/users\/1"}],"replies":[{"embeddable":true,"href":"https:\/\/www.caririemacao.com\/1\/wp-json\/wp\/v2\/comments?post=104139"}],"version-history":[{"count":1,"href":"https:\/\/www.caririemacao.com\/1\/wp-json\/wp\/v2\/posts\/104139\/revisions"}],"predecessor-version":[{"id":104141,"href":"https:\/\/www.caririemacao.com\/1\/wp-json\/wp\/v2\/posts\/104139\/revisions\/104141"}],"wp:featuredmedia":[{"embeddable":true,"href":"https:\/\/www.caririemacao.com\/1\/wp-json\/wp\/v2\/media\/104140"}],"wp:attachment":[{"href":"https:\/\/www.caririemacao.com\/1\/wp-json\/wp\/v2\/media?parent=104139"}],"wp:term":[{"taxonomy":"category","embeddable":true,"href":"https:\/\/www.caririemacao.com\/1\/wp-json\/wp\/v2\/categories?post=104139"},{"taxonomy":"post_tag","embeddable":true,"href":"https:\/\/www.caririemacao.com\/1\/wp-json\/wp\/v2\/tags?post=104139"}],"curies":[{"name":"wp","href":"https:\/\/api.w.org\/{rel}","templated":true}]}}