{"id":104144,"date":"2019-07-11T07:50:22","date_gmt":"2019-07-11T10:50:22","guid":{"rendered":"http:\/\/www.caririemacao.com\/1\/?p=104144"},"modified":"2019-07-11T07:50:22","modified_gmt":"2019-07-11T10:50:22","slug":"bolsonaro-libera-r-178-milhoes-em-emendas-parlamentares-paraiba-nao-esta-incluida","status":"publish","type":"post","link":"https:\/\/www.caririemacao.com\/1\/2019\/07\/11\/bolsonaro-libera-r-178-milhoes-em-emendas-parlamentares-paraiba-nao-esta-incluida\/","title":{"rendered":"Bolsonaro libera R$ 178 milh\u00f5es em emendas parlamentares; Para\u00edba n\u00e3o est\u00e1 inclu\u00edda"},"content":{"rendered":"\n<p>No dia da vota\u00e7\u00e3o do texto-base da reforma previdenci\u00e1ria, o governo Jair Bolsonaro liberou nesta quarta-feira (10) mais um pacote de emendas parlamentares, que somam cerca de R$ 178 milh\u00f5es.<\/p>\n\n\n\n<p>Ao todo, foram liberadas 148 emendas parlamentares, todas da \u00e1rea da sa\u00fade, para fundos municipais de assist\u00eancia b\u00e1sica, m\u00e9dia e de alta complexidade.<\/p>\n\n\n\n<p>No pacote publicado em edi\u00e7\u00e3o extra do &#8220;Di\u00e1rio Oficial da Uni\u00e3o&#8221;, foram beneficiados deputados federais de estados como Alagoas, Amazonas, Bahia, Cear\u00e1, Maranh\u00e3o, Pernambuco, Rio de Janeiro, Sergipe e Pernambuco.<\/p>\n\n\n\n<p>Na segunda-feira (8), o Pal\u00e1cio do Planalto havia liberado quase R$ 1 bilh\u00e3o em emendas parlamentares tamb\u00e9m vinculadas \u00e0 \u00e1rea da sa\u00fade.<\/p>\n\n\n\n<p>Os recursos atenderam munic\u00edpios de 25 estados e foram destinados a complementar gastos de prefeitos com servi\u00e7os de assist\u00eancia b\u00e1sica, e de m\u00e9dia e alta complexidade.<\/p>\n\n\n\n<p>Perguntado na ter\u00e7a-feira (9), o presidente negou que a libera\u00e7\u00e3o de emendas parlamentares seja uma pr\u00e1tica da &#8220;velha pol\u00edtica&#8221;, criticada por Bolsonaro durante toda a campanha eleitoral.<\/p>\n\n\n\n<p>&#8220;Tudo o que \u00e9 liberado est\u00e1 no or\u00e7amento. Ent\u00e3o, eu gostaria de liberar tudo o que est\u00e1 no or\u00e7amento. E, quando acontece uma situa\u00e7\u00e3o como essa, \u00e9 normal, no meu entender. Nada foi inventado, n\u00e3o tem mala, n\u00e3o tem conversa escondidinha em lugar nenhum, \u00e9 tudo \u00e0 luz da legisla\u00e7\u00e3o. \u00c9 isso que deve estar acontecendo&#8221;, disse.<\/p>\n","protected":false},"excerpt":{"rendered":"<p>No dia da vota\u00e7\u00e3o do texto-base da reforma previdenci\u00e1ria, o governo Jair Bolsonaro liberou nesta quarta-feira (10) mais um pacote de emendas parlamentares, que somam&hellip; <\/p>\n","protected":false},"author":1,"featured_media":104145,"comment_status":"closed","ping_status":"closed","sticky":false,"template":"","format":"standard","meta":{"sfsi_plus_gutenberg_text_before_share":"","sfsi_plus_gutenberg_show_text_before_share":"","sfsi_plus_gutenberg_icon_type":"","sfsi_plus_gutenberg_icon_alignemt":"","sfsi_plus_gutenburg_max_per_row":"","footnotes":""},"categories":[11],"tags":[],"class_list":["post-104144","post","type-post","status-publish","format-standard","has-post-thumbnail","hentry","category-politica"],"_links":{"self":[{"href":"https:\/\/www.caririemacao.com\/1\/wp-json\/wp\/v2\/posts\/104144","targetHints":{"allow":["GET"]}}],"collection":[{"href":"https:\/\/www.caririemacao.com\/1\/wp-json\/wp\/v2\/posts"}],"about":[{"href":"https:\/\/www.caririemacao.com\/1\/wp-json\/wp\/v2\/types\/post"}],"author":[{"embeddable":true,"href":"https:\/\/www.caririemacao.com\/1\/wp-json\/wp\/v2\/users\/1"}],"replies":[{"embeddable":true,"href":"https:\/\/www.caririemacao.com\/1\/wp-json\/wp\/v2\/comments?post=104144"}],"version-history":[{"count":1,"href":"https:\/\/www.caririemacao.com\/1\/wp-json\/wp\/v2\/posts\/104144\/revisions"}],"predecessor-version":[{"id":104146,"href":"https:\/\/www.caririemacao.com\/1\/wp-json\/wp\/v2\/posts\/104144\/revisions\/104146"}],"wp:featuredmedia":[{"embeddable":true,"href":"https:\/\/www.caririemacao.com\/1\/wp-json\/wp\/v2\/media\/104145"}],"wp:attachment":[{"href":"https:\/\/www.caririemacao.com\/1\/wp-json\/wp\/v2\/media?parent=104144"}],"wp:term":[{"taxonomy":"category","embeddable":true,"href":"https:\/\/www.caririemacao.com\/1\/wp-json\/wp\/v2\/categories?post=104144"},{"taxonomy":"post_tag","embeddable":true,"href":"https:\/\/www.caririemacao.com\/1\/wp-json\/wp\/v2\/tags?post=104144"}],"curies":[{"name":"wp","href":"https:\/\/api.w.org\/{rel}","templated":true}]}}