{"id":104153,"date":"2019-07-11T07:57:11","date_gmt":"2019-07-11T10:57:11","guid":{"rendered":"http:\/\/www.caririemacao.com\/1\/?p=104153"},"modified":"2019-07-11T07:57:11","modified_gmt":"2019-07-11T10:57:11","slug":"fiespre-selecionados-tem-ate-esta-sexta-para-complementar-inscricao","status":"publish","type":"post","link":"https:\/\/www.caririemacao.com\/1\/2019\/07\/11\/fiespre-selecionados-tem-ate-esta-sexta-para-complementar-inscricao\/","title":{"rendered":"Fies:pr\u00e9-selecionados t\u00eam at\u00e9 esta sexta para complementar inscri\u00e7\u00e3o"},"content":{"rendered":"\n<p>Os candidatos pr\u00e9-selecionados no Fundo de Financiamento Estudantil (Fies) t\u00eam at\u00e9 as 23h59 desta sexta-feira (12), para complementar a inscri\u00e7\u00e3o no&nbsp;<a href=\"http:\/\/fies.mec.gov.br\/\" target=\"_blank\" rel=\"noreferrer noopener\"><em>site<\/em>&nbsp;do programa<\/a>&nbsp;na internet.<\/p>\n\n\n\n<p>Para garantir a vaga, o candidato deve prestar informa\u00e7\u00f5es como nome do fiador, caso seja necess\u00e1rio, e o percentual de financiamento.<\/p>\n\n\n\n<p>A rela\u00e7\u00e3o com os pr\u00e9-selecionados j\u00e1 est\u00e1 dispon\u00edvel no&nbsp;<a href=\"http:\/\/fies.mec.gov.br\/\"><em>site do Fies<\/em><\/a>. Ela foi divulgada na \u00faltima ter\u00e7a-feira (9).<\/p>\n\n\n\n<p>Caso o candidato perca o prazo, as vagas ficar\u00e3o dispon\u00edveis na lista de espera, para todos os candidatos n\u00e3o contemplados na primeira fase.<\/p>\n\n\n\n<p>A lista serve para que esses estudantes tenham a oportunidade de preencher vagas que n\u00e3o forem ocupadas. Essa etapa ocorre de 15 de julho a 23 de agosto.<\/p>\n\n\n\n<p>Para a segunda edi\u00e7\u00e3o do ano, 46,6 mil vagas foram ofertadas em 1.756 institui\u00e7\u00f5es de ensino privadas de todo pa\u00eds.<\/p>\n\n\n\n<p>Com financiamento a juros zero, o Fies \u00e9 voltado para estudantes com renda familiar mensal bruta por pessoa de at\u00e9 tr\u00eas sal\u00e1rios m\u00ednimos.<\/p>\n\n\n\n<p>Para concorrer ao financiamento, o candidato precisa ter feito qualquer uma das \u00faltimas dez edi\u00e7\u00f5es do Exame Nacional do Ensino M\u00e9dio (Enem), ter alcan\u00e7ado m\u00e9dia igual ou superior a 450 pontos nas quest\u00f5es e n\u00e3o ter zerado a reda\u00e7\u00e3o.<\/p>\n\n\n\n<p><strong>P-Fies<\/strong><\/p>\n\n\n\n<p>Saiu tamb\u00e9m o resultado para o Programa de Financiamento Estudantil (P-Fies). Diferentemente do Fies, no P-Fies os juros s\u00e3o vari\u00e1veis e as condi\u00e7\u00f5es s\u00e3o definidas pela institui\u00e7\u00e3o de ensino e pelo banco. Para participar, o estudante precisa ter renda familiar mensal bruta por pessoa at\u00e9 cinco sal\u00e1rios m\u00ednimos.<\/p>\n\n\n\n<p>Os aprovados no P-Fies devem comparecer \u00e0 Comiss\u00e3o Permanente de Supervis\u00e3o e Acompanhamento (CPSA) da institui\u00e7\u00e3o com a qual fechar\u00e1 o contrato para validar suas informa\u00e7\u00f5es. O P-Fies \u00e9 por chamada \u00fanica, sem lista de espera.<\/p>\n","protected":false},"excerpt":{"rendered":"<p>Os candidatos pr\u00e9-selecionados no Fundo de Financiamento Estudantil (Fies) t\u00eam at\u00e9 as 23h59 desta sexta-feira (12), para complementar a inscri\u00e7\u00e3o no&nbsp;site&nbsp;do programa&nbsp;na internet. Para garantir&hellip; <\/p>\n","protected":false},"author":1,"featured_media":13694,"comment_status":"closed","ping_status":"closed","sticky":false,"template":"","format":"standard","meta":{"sfsi_plus_gutenberg_text_before_share":"","sfsi_plus_gutenberg_show_text_before_share":"","sfsi_plus_gutenberg_icon_type":"","sfsi_plus_gutenberg_icon_alignemt":"","sfsi_plus_gutenburg_max_per_row":"","footnotes":""},"categories":[2],"tags":[],"class_list":["post-104153","post","type-post","status-publish","format-standard","has-post-thumbnail","hentry","category-geral"],"_links":{"self":[{"href":"https:\/\/www.caririemacao.com\/1\/wp-json\/wp\/v2\/posts\/104153","targetHints":{"allow":["GET"]}}],"collection":[{"href":"https:\/\/www.caririemacao.com\/1\/wp-json\/wp\/v2\/posts"}],"about":[{"href":"https:\/\/www.caririemacao.com\/1\/wp-json\/wp\/v2\/types\/post"}],"author":[{"embeddable":true,"href":"https:\/\/www.caririemacao.com\/1\/wp-json\/wp\/v2\/users\/1"}],"replies":[{"embeddable":true,"href":"https:\/\/www.caririemacao.com\/1\/wp-json\/wp\/v2\/comments?post=104153"}],"version-history":[{"count":1,"href":"https:\/\/www.caririemacao.com\/1\/wp-json\/wp\/v2\/posts\/104153\/revisions"}],"predecessor-version":[{"id":104154,"href":"https:\/\/www.caririemacao.com\/1\/wp-json\/wp\/v2\/posts\/104153\/revisions\/104154"}],"wp:featuredmedia":[{"embeddable":true,"href":"https:\/\/www.caririemacao.com\/1\/wp-json\/wp\/v2\/media\/13694"}],"wp:attachment":[{"href":"https:\/\/www.caririemacao.com\/1\/wp-json\/wp\/v2\/media?parent=104153"}],"wp:term":[{"taxonomy":"category","embeddable":true,"href":"https:\/\/www.caririemacao.com\/1\/wp-json\/wp\/v2\/categories?post=104153"},{"taxonomy":"post_tag","embeddable":true,"href":"https:\/\/www.caririemacao.com\/1\/wp-json\/wp\/v2\/tags?post=104153"}],"curies":[{"name":"wp","href":"https:\/\/api.w.org\/{rel}","templated":true}]}}