{"id":104167,"date":"2019-07-11T08:09:26","date_gmt":"2019-07-11T11:09:26","guid":{"rendered":"http:\/\/www.caririemacao.com\/1\/?p=104167"},"modified":"2019-07-11T08:09:26","modified_gmt":"2019-07-11T11:09:26","slug":"cruz-vermelha-lanca-campanha-sobre-pessoas-desaparecidas","status":"publish","type":"post","link":"https:\/\/www.caririemacao.com\/1\/2019\/07\/11\/cruz-vermelha-lanca-campanha-sobre-pessoas-desaparecidas\/","title":{"rendered":"Cruz Vermelha lan\u00e7a campanha sobre pessoas desaparecidas"},"content":{"rendered":"\n<p>O\u00a0Comit\u00ea Internacional da Cruz Vermelha (CICV) lan\u00e7ou nesta semana campanha para conscientizar a popula\u00e7\u00e3o da Am\u00e9rica Latina sobre sobre o desaparecimento de pessoas na regi\u00e3o e as consequ\u00eancias para seus familiares.<\/p>\n\n\n\n<p>O v\u00eddeo, baseado em hist\u00f3rias reais, mostra depoimentos de pais que buscam seus filhos, mas s\u00e3o as fotos dos pr\u00f3prios desaparecidos que contam as hist\u00f3rias.<\/p>\n\n\n\n<p>\u201cSem saber o que se passou com seus entes queridos, desaparecidos, os familiares alternam seu cotidiano entre a esperan\u00e7a e o desespero, o que os impulsiona a dedicar sua vida, seu tempo e quase sempre todos os seus recursos a uma procura incessante\u201d, disse a coordenadora de Prote\u00e7\u00e3o da Delega\u00e7\u00e3o Regional do CICV para Argentina, Brasil, Chile, Paraguai e Uruguai, Marianne Pecassou.<\/p>\n\n\n\n<p>A campanha mostra que a ang\u00fastia pela falta de respostas e todos os desgastes da busca geram impactos em sua sa\u00fade f\u00edsica e mental, nas suas rela\u00e7\u00f5es familiares e comunit\u00e1rias, em sua condi\u00e7\u00e3o econ\u00f4mica e trazem problemas jur\u00eddicos e administrativos diversos, acrescenta ela.<\/p>\n\n\n\n<p>Segundo a CIVC, no Brasil foram registrados mais de 82 mil casos de desaparecimentos em 2017. No M\u00e9xico, foram 40 mil entre 2006 e 2019.<\/p>\n\n\n\n<p>De acordo com a organiza\u00e7\u00e3o, os dados regionais s\u00e3o alarmantes, mas ainda n\u00e3o trazem a real dimens\u00e3o do problema na Am\u00e9rica Latina e no mundo, j\u00e1 que por tr\u00e1s dos n\u00fameros h\u00e1 fam\u00edlias que passam por necessidades.<\/p>\n\n\n\n<p>A campanha foi lan\u00e7ada simultaneamente em v\u00e1rios pa\u00edses da Am\u00e9rica Latina, entre eles Brasil, Col\u00f4mbia, M\u00e9xico e Peru.<\/p>\n\n\n\n<figure><iframe allowfullscreen=\"\" data-src=\"https:\/\/www.youtube.com\/embed\/6Ulj2EP89Ok\" src=\"data:image\/svg+xml;base64,PHN2ZyB3aWR0aD0iMSIgaGVpZ2h0PSIxIiB4bWxucz0iaHR0cDovL3d3dy53My5vcmcvMjAwMC9zdmciPjwvc3ZnPg==\" class=\"lazyload\" data-load-mode=\"1\"><\/iframe><\/figure>\n","protected":false},"excerpt":{"rendered":"<p>O\u00a0Comit\u00ea Internacional da Cruz Vermelha (CICV) lan\u00e7ou nesta semana campanha para conscientizar a popula\u00e7\u00e3o da Am\u00e9rica Latina sobre sobre o desaparecimento de pessoas na regi\u00e3o&hellip; <\/p>\n","protected":false},"author":1,"featured_media":104168,"comment_status":"closed","ping_status":"closed","sticky":false,"template":"","format":"standard","meta":{"sfsi_plus_gutenberg_text_before_share":"","sfsi_plus_gutenberg_show_text_before_share":"","sfsi_plus_gutenberg_icon_type":"","sfsi_plus_gutenberg_icon_alignemt":"","sfsi_plus_gutenburg_max_per_row":"","footnotes":""},"categories":[2],"tags":[],"class_list":["post-104167","post","type-post","status-publish","format-standard","has-post-thumbnail","hentry","category-geral"],"_links":{"self":[{"href":"https:\/\/www.caririemacao.com\/1\/wp-json\/wp\/v2\/posts\/104167","targetHints":{"allow":["GET"]}}],"collection":[{"href":"https:\/\/www.caririemacao.com\/1\/wp-json\/wp\/v2\/posts"}],"about":[{"href":"https:\/\/www.caririemacao.com\/1\/wp-json\/wp\/v2\/types\/post"}],"author":[{"embeddable":true,"href":"https:\/\/www.caririemacao.com\/1\/wp-json\/wp\/v2\/users\/1"}],"replies":[{"embeddable":true,"href":"https:\/\/www.caririemacao.com\/1\/wp-json\/wp\/v2\/comments?post=104167"}],"version-history":[{"count":1,"href":"https:\/\/www.caririemacao.com\/1\/wp-json\/wp\/v2\/posts\/104167\/revisions"}],"predecessor-version":[{"id":104169,"href":"https:\/\/www.caririemacao.com\/1\/wp-json\/wp\/v2\/posts\/104167\/revisions\/104169"}],"wp:featuredmedia":[{"embeddable":true,"href":"https:\/\/www.caririemacao.com\/1\/wp-json\/wp\/v2\/media\/104168"}],"wp:attachment":[{"href":"https:\/\/www.caririemacao.com\/1\/wp-json\/wp\/v2\/media?parent=104167"}],"wp:term":[{"taxonomy":"category","embeddable":true,"href":"https:\/\/www.caririemacao.com\/1\/wp-json\/wp\/v2\/categories?post=104167"},{"taxonomy":"post_tag","embeddable":true,"href":"https:\/\/www.caririemacao.com\/1\/wp-json\/wp\/v2\/tags?post=104167"}],"curies":[{"name":"wp","href":"https:\/\/api.w.org\/{rel}","templated":true}]}}