{"id":104172,"date":"2019-07-11T08:48:35","date_gmt":"2019-07-11T11:48:35","guid":{"rendered":"http:\/\/www.caririemacao.com\/1\/?p=104172"},"modified":"2019-07-11T08:48:35","modified_gmt":"2019-07-11T11:48:35","slug":"o-que-leva-a-um-infarto-fulminante-como-o-de-paulo-henrique-amorim","status":"publish","type":"post","link":"https:\/\/www.caririemacao.com\/1\/2019\/07\/11\/o-que-leva-a-um-infarto-fulminante-como-o-de-paulo-henrique-amorim\/","title":{"rendered":"O que leva a um infarto fulminante, como o de Paulo Henrique Amorim"},"content":{"rendered":"\n<p>Mortes s\u00fabitas card\u00edacas como a de\u00a0<a rel=\"noreferrer noopener\" href=\"https:\/\/recordtv.r7.com\/sp-no-ar\/videos\/morre-paulo-henrique-amorim-aos-77-anos-10072019\" target=\"_blank\"><strong>Paulo Henrique Amorim<\/strong><\/a>, de 77 anos, s\u00e3o mais comuns do que se imagina. O jornalista foi v\u00edtima de um infarto fulminante na madrugada da quarta-feira (10).<\/p>\n\n\n\n<p>Um estudo coordenado pela cardiologista Maria Fernanda Braggion-Santos, da USP de Ribeir\u00e3o Preto, cita que 80% das v\u00edtimas de morte s\u00fabita card\u00edaca possu\u00edam alguma doen\u00e7a arterial coronariana.<\/p>\n\n\n\n<p>Sem ter conhecimento espec\u00edfico do caso de Paulo Henrique, o m\u00e9dico cardiologista Carlos Alberto Pastore, do InCor (Instituto do Cora\u00e7\u00e3o do Hospital das Cl\u00ednicas) da Faculdade de Medicina da USP, explica que o termo infarto fulminante &#8220;n\u00e3o traz muitas informa\u00e7\u00f5es&#8221;.<\/p>\n\n\n\n<figure><iframe width=\"1\" height=\"1\"><\/iframe><\/figure>\n\n\n\n<figure><iframe><\/iframe><\/figure>\n\n\n\n<p>&#8220;Essa hist\u00f3ria de morte s\u00fabita n\u00e3o existe, leva anos para acontecer. Quando voc\u00ea pensa em morte s\u00fabita, voc\u00ea pensa que a pessoa n\u00e3o tem nada e morreu.&#8221;<\/p>\n\n\n\n<figure><iframe data-src=\"https:\/\/tpc.googlesyndication.com\/safeframe\/1-0-35\/html\/container.html\" width=\"300\" height=\"250\" src=\"data:image\/svg+xml;base64,PHN2ZyB3aWR0aD0iMSIgaGVpZ2h0PSIxIiB4bWxucz0iaHR0cDovL3d3dy53My5vcmcvMjAwMC9zdmciPjwvc3ZnPg==\" class=\"lazyload\" data-load-mode=\"1\"><\/iframe><\/figure>\n\n\n\n<p>Ele acrescenta que 50% das pessoas que t\u00eam alguma doen\u00e7a cardiovascular n\u00e3o sentem nada, mas isso n\u00e3o significa que o problema n\u00e3o exista.<\/p>\n\n\n\n<p>&#8220;Colesterol alto, diabetes, hipertens\u00e3o. Tudo isso pode culminar em um evento agudo.&#8221;<\/p>\n\n\n\n<p><strong>Mas o que define se o infarto vai ser fatal ou n\u00e3o?<\/strong><\/p>\n\n\n\n<p>Segundo Pastore, isso &#8220;vai depender muito da condi\u00e7\u00e3o das art\u00e9rias [do cora\u00e7\u00e3o]&#8221;.<\/p>\n\n\n\n<p>O infarto agudo do mioc\u00e1rdio \u00e9 o bloqueio de uma ou mais art\u00e9rias respons\u00e1veis pelo fluxo sangu\u00edneo do cora\u00e7\u00e3o.<\/p>\n\n\n\n<p>&#8220;\u00c0s vezes, voc\u00ea convive com obstru\u00e7\u00f5es de at\u00e9 70% sem sentir nada. [A gravidade do infarto] depende muito da condi\u00e7\u00e3o das art\u00e9rias restantes, se elas ter\u00e3o capacidade de nutrir o cora\u00e7\u00e3o&#8221;, explica o cardiologista do InCor.<\/p>\n\n\n\n<p>Pastore observa ainda que casos de infarto s\u00e3o mais comuns nesta \u00e9poca do ano.<\/p>\n\n\n\n<p>&#8220;No inverno \u00e9 o tempo de acontecer. Os vasos ficam mais constritos pela temperatura, as pessoas exageram mais em comida e bebida e fazem menos exerc\u00edcios.&#8221;<\/p>\n\n\n\n<p>Paulo Henrique Amorim havia&nbsp;<a href=\"https:\/\/noticias.r7.com\/brasil\/morre-paulo-henrique-amorim-aos-76-anos-10072019\" target=\"_blank\" rel=\"noreferrer noopener\"><strong>jantado com amigos horas antes de morrer.<\/strong><\/a><\/p>\n\n\n\n<p>O fator emocional, especialmente em casos de estresse cr\u00f4nico, tamb\u00e9m est\u00e1 ligado \u00e0 maior incid\u00eancia de infarto agudo, ressalta o m\u00e9dico.<\/p>\n\n\n\n<p>&#8220;\u00c9 preciso chamar aten\u00e7\u00e3o para as situa\u00e7\u00f5es emocionais, muita ansiedade, muita tens\u00e3o. As pessoas lidam mal com as situa\u00e7\u00f5es de estresse. O que n\u00e3o pode \u00e9 viver eternamente em estresse, porque o organismo passa a desenvolver condi\u00e7\u00f5es que favorecem epis\u00f3dios agudos&#8221;.<\/p>\n\n\n\n<p>Outro detalhe em rela\u00e7\u00e3o ao infarto que o m\u00e9dico alerta \u00e9 que muitas pessoas n\u00e3o sentem quando est\u00e3o infartando ou confundem os sintomas.&nbsp;<\/p>\n\n\n\n<p>&#8220;A parede inferior do cora\u00e7\u00e3o fica perto do est\u00f4mago. Tem gente que confunde com dor de est\u00f4mago, acha que s\u00e3o gases&#8221;.<\/p>\n\n\n\n<h3 class=\"wp-block-heading\">Preven\u00e7\u00e3o<\/h3>\n\n\n\n<p><em><\/em><\/p>\n\n\n\n<p>Exames de sangue e cardiol\u00f3gicos periodicamente s\u00e3o recomendados para pessoas que tenham hist\u00f3rico de doen\u00e7a cardiovascular na fam\u00edlia.<\/p>\n\n\n\n<p>&#8220;A obesidade \u00e9 um fator de risco importante, mas estamos cheio de indiv\u00edduos magros com colesterol alto. Ele n\u00e3o \u00e9 alimentar, a maior parte dele \u00e9 gen\u00e9tica&#8221;, exemplifica o cardiologista.<\/p>\n\n\n\n<p>A Sociedade Brasileira de Cardiologia lista como fatores de risco card\u00edaco: predisposi\u00e7\u00e3o gen\u00e9tica, colesterol, diabetes, hipertens\u00e3o, sedentarismo, tabagismo, estresse e obesidade.<\/p>\n","protected":false},"excerpt":{"rendered":"<p>Mortes s\u00fabitas card\u00edacas como a de\u00a0Paulo Henrique Amorim, de 77 anos, s\u00e3o mais comuns do que se imagina. O jornalista foi v\u00edtima de um infarto&hellip; <\/p>\n","protected":false},"author":1,"featured_media":104173,"comment_status":"closed","ping_status":"closed","sticky":false,"template":"","format":"standard","meta":{"sfsi_plus_gutenberg_text_before_share":"","sfsi_plus_gutenberg_show_text_before_share":"","sfsi_plus_gutenberg_icon_type":"","sfsi_plus_gutenberg_icon_alignemt":"","sfsi_plus_gutenburg_max_per_row":"","footnotes":""},"categories":[2],"tags":[],"class_list":["post-104172","post","type-post","status-publish","format-standard","has-post-thumbnail","hentry","category-geral"],"_links":{"self":[{"href":"https:\/\/www.caririemacao.com\/1\/wp-json\/wp\/v2\/posts\/104172","targetHints":{"allow":["GET"]}}],"collection":[{"href":"https:\/\/www.caririemacao.com\/1\/wp-json\/wp\/v2\/posts"}],"about":[{"href":"https:\/\/www.caririemacao.com\/1\/wp-json\/wp\/v2\/types\/post"}],"author":[{"embeddable":true,"href":"https:\/\/www.caririemacao.com\/1\/wp-json\/wp\/v2\/users\/1"}],"replies":[{"embeddable":true,"href":"https:\/\/www.caririemacao.com\/1\/wp-json\/wp\/v2\/comments?post=104172"}],"version-history":[{"count":1,"href":"https:\/\/www.caririemacao.com\/1\/wp-json\/wp\/v2\/posts\/104172\/revisions"}],"predecessor-version":[{"id":104174,"href":"https:\/\/www.caririemacao.com\/1\/wp-json\/wp\/v2\/posts\/104172\/revisions\/104174"}],"wp:featuredmedia":[{"embeddable":true,"href":"https:\/\/www.caririemacao.com\/1\/wp-json\/wp\/v2\/media\/104173"}],"wp:attachment":[{"href":"https:\/\/www.caririemacao.com\/1\/wp-json\/wp\/v2\/media?parent=104172"}],"wp:term":[{"taxonomy":"category","embeddable":true,"href":"https:\/\/www.caririemacao.com\/1\/wp-json\/wp\/v2\/categories?post=104172"},{"taxonomy":"post_tag","embeddable":true,"href":"https:\/\/www.caririemacao.com\/1\/wp-json\/wp\/v2\/tags?post=104172"}],"curies":[{"name":"wp","href":"https:\/\/api.w.org\/{rel}","templated":true}]}}