{"id":104186,"date":"2019-07-11T09:45:10","date_gmt":"2019-07-11T12:45:10","guid":{"rendered":"http:\/\/www.caririemacao.com\/1\/?p=104186"},"modified":"2019-07-11T09:45:10","modified_gmt":"2019-07-11T12:45:10","slug":"atriz-de-topissima-que-fara-aborto-conta-que-meninas-se-identificam-com-personagem","status":"publish","type":"post","link":"https:\/\/www.caririemacao.com\/1\/2019\/07\/11\/atriz-de-topissima-que-fara-aborto-conta-que-meninas-se-identificam-com-personagem\/","title":{"rendered":"Atriz de \u2018Top\u00edssima\u2019 que far\u00e1 aborto conta que meninas se identificam com personagem"},"content":{"rendered":"\n<p>A partir desta quarta-feira (10), come\u00e7a a ir ao ar a cena da morte da personagem Jandira, vivida pela atriz Brenda Sabryna, na novela \u201cTop\u00edssima\u201d, da TV Record.<\/p>\n\n\n\n<p>A personagem perder\u00e1 a vida depois de fazer um aborto em uma cl\u00ednica clandestina. Influenciada por Vitor, vivido pelo ator Vitor Novello, e sem o consentimento dos familiares, a moradora do Vidigal acaba tendo uma hemorragia durante o procedimento e morre de maneira tr\u00e1gica.<\/p>\n\n\n\n<p>Estreante na televis\u00e3o brasileira em 2013, na Malha\u00e7\u00e3o, da TV Globo, a atriz conta que muitas meninas a procuram pelas redes sociais para dividir o momento similar que est\u00e3o vivendo. Dessa forma, Brenda acha que dar vida a essa personagem pode esclarecer d\u00favidas.<\/p>\n\n\n\n<p>\u201cMuitas meninas sempre v\u00eam falar comigo no Instagram dizendo que tamb\u00e9m est\u00e3o passando por esta situa\u00e7\u00e3o, dizendo que se identificam muito com a Jandira. Ent\u00e3o eu acredito que a mensagem que ela vai passar possa servir de alerta para muita gente\u201d.<\/p>\n\n\n\n<p>Al\u00e9m disso, Brenda conta que a situa\u00e7\u00e3o que sua personagem viveu deve ser conversada sempre entre todos os familiares poss\u00edveis, n\u00e3o tomando essa decis\u00e3o sozinha ou com o companheiro.<\/p>\n\n\n\n<p>\u201cO aborto \u00e9 uma situa\u00e7\u00e3o exatamente delicada, sempre deve ser conversada com os pais ou com as pessoas mais pr\u00f3ximas, n\u00e3o \u00e9 algo que deve ser feito de maneira isolada como a Jandira que s\u00f3 teve a opini\u00e3o do Vitor e foi, acho que n\u00e3o \u00e9 assim que deve funcionar\u201d.<\/p>\n\n\n\n<p>Na trama escrita por Cristiane Fridman, que tamb\u00e9m \u00e9 a autora de \u201cJezabel\u201d, sua personagem \u00e9 uma moradora do Vidigal que se envolve com Vitor ao pensar que o rapaz \u00e9 filho do milion\u00e1rio Paulo Roberto (Floriano Peixoto).<\/p>\n\n\n\n<p>Seduzida e enganada pelo rapaz, Jandira acaba engravidando e decide fazer um aborto clandestino influenciada por ele. Durante o procedimento, ela tem uma hemorragia e morre de maneira tr\u00e1gica e tem seu corpo jogado em um lix\u00e3o.<\/p>\n","protected":false},"excerpt":{"rendered":"<p>A partir desta quarta-feira (10), come\u00e7a a ir ao ar a cena da morte da personagem Jandira, vivida pela atriz Brenda Sabryna, na novela \u201cTop\u00edssima\u201d,&hellip; <\/p>\n","protected":false},"author":1,"featured_media":104187,"comment_status":"closed","ping_status":"closed","sticky":false,"template":"","format":"standard","meta":{"sfsi_plus_gutenberg_text_before_share":"","sfsi_plus_gutenberg_show_text_before_share":"","sfsi_plus_gutenberg_icon_type":"","sfsi_plus_gutenberg_icon_alignemt":"","sfsi_plus_gutenburg_max_per_row":"","footnotes":""},"categories":[2],"tags":[],"class_list":["post-104186","post","type-post","status-publish","format-standard","has-post-thumbnail","hentry","category-geral"],"_links":{"self":[{"href":"https:\/\/www.caririemacao.com\/1\/wp-json\/wp\/v2\/posts\/104186","targetHints":{"allow":["GET"]}}],"collection":[{"href":"https:\/\/www.caririemacao.com\/1\/wp-json\/wp\/v2\/posts"}],"about":[{"href":"https:\/\/www.caririemacao.com\/1\/wp-json\/wp\/v2\/types\/post"}],"author":[{"embeddable":true,"href":"https:\/\/www.caririemacao.com\/1\/wp-json\/wp\/v2\/users\/1"}],"replies":[{"embeddable":true,"href":"https:\/\/www.caririemacao.com\/1\/wp-json\/wp\/v2\/comments?post=104186"}],"version-history":[{"count":1,"href":"https:\/\/www.caririemacao.com\/1\/wp-json\/wp\/v2\/posts\/104186\/revisions"}],"predecessor-version":[{"id":104188,"href":"https:\/\/www.caririemacao.com\/1\/wp-json\/wp\/v2\/posts\/104186\/revisions\/104188"}],"wp:featuredmedia":[{"embeddable":true,"href":"https:\/\/www.caririemacao.com\/1\/wp-json\/wp\/v2\/media\/104187"}],"wp:attachment":[{"href":"https:\/\/www.caririemacao.com\/1\/wp-json\/wp\/v2\/media?parent=104186"}],"wp:term":[{"taxonomy":"category","embeddable":true,"href":"https:\/\/www.caririemacao.com\/1\/wp-json\/wp\/v2\/categories?post=104186"},{"taxonomy":"post_tag","embeddable":true,"href":"https:\/\/www.caririemacao.com\/1\/wp-json\/wp\/v2\/tags?post=104186"}],"curies":[{"name":"wp","href":"https:\/\/api.w.org\/{rel}","templated":true}]}}