{"id":104198,"date":"2019-07-11T10:18:03","date_gmt":"2019-07-11T13:18:03","guid":{"rendered":"http:\/\/www.caririemacao.com\/1\/?p=104198"},"modified":"2019-07-11T10:18:03","modified_gmt":"2019-07-11T13:18:03","slug":"rodrigo-maia-chora-e-diz-que-votacao-foi-historica","status":"publish","type":"post","link":"https:\/\/www.caririemacao.com\/1\/2019\/07\/11\/rodrigo-maia-chora-e-diz-que-votacao-foi-historica\/","title":{"rendered":"Rodrigo Maia chora e diz que vota\u00e7\u00e3o foi hist\u00f3rica"},"content":{"rendered":"\n<p>Em discurso para uma C\u00e2mara em sil\u00eancio, o presidente da Casa, Rodrigo Maia (DEM-RJ), afirmou nesta quarta-feira que a vota\u00e7\u00e3o da reforma da Previd\u00eancia foi hist\u00f3rica e defendeu o protagonismo do Parlamento no fortalecimento da democracia . Numa fala que procurou marcar diferen\u00e7as com o presidente Jair Bolsonaro , Maia disse que nada se constr\u00f3i com ataques. E n\u00e3o citou diretamente nem o presidente e nem o ministro da Economia, Paulo Guedes.<\/p>\n\n\n\n<p>O texto-base da reforma foi aprovado com 379 votos favor\u00e1veis . O discurso de 15 minutos do presidente da C\u00e2mara foi feito antes do an\u00fancio do resultado. Na presen\u00e7a do ministro da Casa Civil, Onyx Lorezoni, Maia disse que est\u00e1 na hora de o Congresso recuperar seu protagonismo , sem tirar as prerrogativas do presidente da Rep\u00fablica. Recentemente, Bolsonaro reclamou de uma suposta tentativa de transform\u00e1-lo em &#8220;Rainha da Inglaterra&#8221; .<\/p>\n\n\n\n<p>&#8211; N\u00f3s n\u00e3o podemos perder a oportunidade. Durante 30 anos tiraram as prerrogativas desta Casa. Precisamos manter esse protagonismo. O nosso papel \u00e9 recuperar a for\u00e7a da C\u00e2mara dos Deputados e do Congresso Nacional. Aqui est\u00e1 a s\u00edntese da sociedade brasileira \u2014 afirmou.<\/p>\n\n\n\n<p>Maia alertou que n\u00e3o haver\u00e1 investimentos privados sem respeito \u00e0 democracia e \u00e0s institui\u00e7\u00f5es.<\/p>\n\n\n\n<p>&#8211; N\u00e3o haver\u00e1 investimento privado sem democracia forte. Investidor de longo prazo n\u00e3o investe em pa\u00eds que ataca as institui\u00e7\u00f5es. Em nenhum momento, quando a C\u00e2mara foi atacada, sa\u00ed do meu objetivo, que \u00e9 a vota\u00e7\u00e3o de hoje &#8211; completou.<br>Para analistas, a reforma ser\u00e1 fundamental para&nbsp; tirar o pa\u00eds do caos fiscal e o placar amplamente favor\u00e1vel ajudar\u00e1 nas pr\u00f3ximas etapas da tramita\u00e7\u00e3o.<\/p>\n\n\n\n<p>O presidente da C\u00e2mara se emocionou durante a vota\u00e7\u00e3o e o an\u00fancio do resultado. Principal articulador da reforma da Previd\u00eancia, Maia chorou quando foi homenageado pela bancada do PSL, o partido de Bolsonaro.<\/p>\n\n\n\n<p>&#8211; Esse \u00e9 um momento hist\u00f3rico para todos n\u00f3s, dos que defendem e dos que n\u00e3o defendem a reforma. \u00c0s vezes fico perguntando se estou certo. A cada discurso que ou\u00e7o tenho convic\u00e7\u00e3o que a posi\u00e7\u00e3o de reformar o Estado \u00e9 a posi\u00e7\u00e3o correta \u2014 afirmou.<\/p>\n\n\n\n<p>Maia afirmou que tem uma agenda para o Brasil. Ele defendeu maior efici\u00eancia no setor p\u00fablico e disse ainda que a reforma tribut\u00e1ria vai simplificar a tributa\u00e7\u00e3o no pa\u00eds para garantir mais investimentos.<\/p>\n","protected":false},"excerpt":{"rendered":"<p>Em discurso para uma C\u00e2mara em sil\u00eancio, o presidente da Casa, Rodrigo Maia (DEM-RJ), afirmou nesta quarta-feira que a vota\u00e7\u00e3o da reforma da Previd\u00eancia foi&hellip; <\/p>\n","protected":false},"author":1,"featured_media":104199,"comment_status":"closed","ping_status":"closed","sticky":false,"template":"","format":"standard","meta":{"sfsi_plus_gutenberg_text_before_share":"","sfsi_plus_gutenberg_show_text_before_share":"","sfsi_plus_gutenberg_icon_type":"","sfsi_plus_gutenberg_icon_alignemt":"","sfsi_plus_gutenburg_max_per_row":"","footnotes":""},"categories":[11],"tags":[],"class_list":["post-104198","post","type-post","status-publish","format-standard","has-post-thumbnail","hentry","category-politica"],"_links":{"self":[{"href":"https:\/\/www.caririemacao.com\/1\/wp-json\/wp\/v2\/posts\/104198","targetHints":{"allow":["GET"]}}],"collection":[{"href":"https:\/\/www.caririemacao.com\/1\/wp-json\/wp\/v2\/posts"}],"about":[{"href":"https:\/\/www.caririemacao.com\/1\/wp-json\/wp\/v2\/types\/post"}],"author":[{"embeddable":true,"href":"https:\/\/www.caririemacao.com\/1\/wp-json\/wp\/v2\/users\/1"}],"replies":[{"embeddable":true,"href":"https:\/\/www.caririemacao.com\/1\/wp-json\/wp\/v2\/comments?post=104198"}],"version-history":[{"count":1,"href":"https:\/\/www.caririemacao.com\/1\/wp-json\/wp\/v2\/posts\/104198\/revisions"}],"predecessor-version":[{"id":104200,"href":"https:\/\/www.caririemacao.com\/1\/wp-json\/wp\/v2\/posts\/104198\/revisions\/104200"}],"wp:featuredmedia":[{"embeddable":true,"href":"https:\/\/www.caririemacao.com\/1\/wp-json\/wp\/v2\/media\/104199"}],"wp:attachment":[{"href":"https:\/\/www.caririemacao.com\/1\/wp-json\/wp\/v2\/media?parent=104198"}],"wp:term":[{"taxonomy":"category","embeddable":true,"href":"https:\/\/www.caririemacao.com\/1\/wp-json\/wp\/v2\/categories?post=104198"},{"taxonomy":"post_tag","embeddable":true,"href":"https:\/\/www.caririemacao.com\/1\/wp-json\/wp\/v2\/tags?post=104198"}],"curies":[{"name":"wp","href":"https:\/\/api.w.org\/{rel}","templated":true}]}}