{"id":104218,"date":"2019-07-11T14:04:22","date_gmt":"2019-07-11T17:04:22","guid":{"rendered":"http:\/\/www.caririemacao.com\/1\/?p=104218"},"modified":"2019-07-11T14:04:22","modified_gmt":"2019-07-11T17:04:22","slug":"anvisa-interdita-lotes-de-vacina-e-campanha-multivacinacao-e-adiada-na-paraiba","status":"publish","type":"post","link":"https:\/\/www.caririemacao.com\/1\/2019\/07\/11\/anvisa-interdita-lotes-de-vacina-e-campanha-multivacinacao-e-adiada-na-paraiba\/","title":{"rendered":"Anvisa interdita lotes de vacina e campanha multivacina\u00e7\u00e3o \u00e9 adiada na Para\u00edba"},"content":{"rendered":"\n<p>&nbsp;campanha multivacina\u00e7\u00e3o que seria em agosto foi adiada. O motivo seria porque a Ag\u00eancia Nacional de Vigil\u00e2ncia Sanit\u00e1ria &#8211; Anvisa interditou lotes de vacina importada da \u00cdndia. Agora a campanha ser\u00e1 no per\u00edodo de 7 a 25 de outubro, com dia D marcado para 19 outubro, para divulga\u00e7\u00e3o e mobiliza\u00e7\u00e3o nacional.&nbsp;<br><\/p>\n\n\n\n<p>A Secretaria de Vigil\u00e2ncia em Sa\u00fade do Minist\u00e9rio da Sa\u00fade enviou of\u00edcio \u00e0 Secretaria de Sa\u00fade da Para\u00edba informando que lotes da vacina pentavalente, adquirida pelo Minist\u00e9rio da Sa\u00fade do laborat\u00f3rio produtor Biological E. Limited, recentemente apresentaram resultados de an\u00e1lise insatisfat\u00f3rios pelo Instituto Nacional de Controle de Qualidade em Sa\u00fade \u2013 INCQS, causando desabastecimento.<\/p>\n\n\n\n<p>Resolu\u00e7\u00e3o da Anvisa publicada no Di\u00e1rio Oficial da Uni\u00e3o, nesta quinta-feira (11), aponta que houve &#8220;resultados insatisfat\u00f3rios&#8221; para a vacina pentavalente l\u00edquida, fabricada pela empresa Biologicals E. Limited, localizada na \u00cdndia.&nbsp;<\/p>\n\n\n\n<p><a href=\"http:\/\/www.in.gov.br\/en\/web\/dou\/-\/resolucao-re-n-1.831-de-9-de-julho-de-2019-191677062\">Confira a resolu\u00e7\u00e3o da Anvisa<\/a><\/p>\n\n\n\n<p>&#8220;A posterga\u00e7\u00e3o faz-se necess\u00e1ria em raz\u00e3o da import\u00e2ncia dessa vacina ser atualizada na caderneta de vacina\u00e7\u00e3o da crian\u00e7a, al\u00e9m das demais preconizadas pelo Programa Nacional de Imuniza\u00e7\u00f5es, estando o referido imunobiol\u00f3gico, inclusive, na lista de vacinas a serem ofertadas durante a Campanha&#8221;, afirma o Minist\u00e9rio da Sa\u00fade.<\/p>\n\n\n\n<p>Ainda conforme o of\u00edcio, o Minist\u00e9rio esteve reunido com a Organiza\u00e7\u00e3o<br>Panamericana de Sa\u00fade \u2013 OPAS para defini\u00e7\u00e3o de novas entregas ao Brasil,<br>visando manter a regularidade dos estoques nacionais e ofertar a vacina em<br>tempo h\u00e1bil \u00e0 popula\u00e7\u00e3o.<\/p>\n\n\n\n<p><a href=\"https:\/\/www.clickpb.com.br\/media\/filer_public\/f5\/b2\/f5b280a6-7782-4d38-bf9d-af45cf8de819\/sei_25000113946_2019_84.pdf\">Confira o of\u00edcio enviado pelo Minist\u00e9rio da Sa\u00fade<\/a><\/p>\n","protected":false},"excerpt":{"rendered":"<p>&nbsp;campanha multivacina\u00e7\u00e3o que seria em agosto foi adiada. O motivo seria porque a Ag\u00eancia Nacional de Vigil\u00e2ncia Sanit\u00e1ria &#8211; Anvisa interditou lotes de vacina importada&hellip; <\/p>\n","protected":false},"author":1,"featured_media":104219,"comment_status":"closed","ping_status":"closed","sticky":false,"template":"","format":"standard","meta":{"sfsi_plus_gutenberg_text_before_share":"","sfsi_plus_gutenberg_show_text_before_share":"","sfsi_plus_gutenberg_icon_type":"","sfsi_plus_gutenberg_icon_alignemt":"","sfsi_plus_gutenburg_max_per_row":"","footnotes":""},"categories":[16],"tags":[],"class_list":["post-104218","post","type-post","status-publish","format-standard","has-post-thumbnail","hentry","category-saude"],"_links":{"self":[{"href":"https:\/\/www.caririemacao.com\/1\/wp-json\/wp\/v2\/posts\/104218","targetHints":{"allow":["GET"]}}],"collection":[{"href":"https:\/\/www.caririemacao.com\/1\/wp-json\/wp\/v2\/posts"}],"about":[{"href":"https:\/\/www.caririemacao.com\/1\/wp-json\/wp\/v2\/types\/post"}],"author":[{"embeddable":true,"href":"https:\/\/www.caririemacao.com\/1\/wp-json\/wp\/v2\/users\/1"}],"replies":[{"embeddable":true,"href":"https:\/\/www.caririemacao.com\/1\/wp-json\/wp\/v2\/comments?post=104218"}],"version-history":[{"count":1,"href":"https:\/\/www.caririemacao.com\/1\/wp-json\/wp\/v2\/posts\/104218\/revisions"}],"predecessor-version":[{"id":104220,"href":"https:\/\/www.caririemacao.com\/1\/wp-json\/wp\/v2\/posts\/104218\/revisions\/104220"}],"wp:featuredmedia":[{"embeddable":true,"href":"https:\/\/www.caririemacao.com\/1\/wp-json\/wp\/v2\/media\/104219"}],"wp:attachment":[{"href":"https:\/\/www.caririemacao.com\/1\/wp-json\/wp\/v2\/media?parent=104218"}],"wp:term":[{"taxonomy":"category","embeddable":true,"href":"https:\/\/www.caririemacao.com\/1\/wp-json\/wp\/v2\/categories?post=104218"},{"taxonomy":"post_tag","embeddable":true,"href":"https:\/\/www.caririemacao.com\/1\/wp-json\/wp\/v2\/tags?post=104218"}],"curies":[{"name":"wp","href":"https:\/\/api.w.org\/{rel}","templated":true}]}}