{"id":104229,"date":"2019-07-11T14:19:41","date_gmt":"2019-07-11T17:19:41","guid":{"rendered":"http:\/\/www.caririemacao.com\/1\/?p=104229"},"modified":"2019-07-11T14:19:41","modified_gmt":"2019-07-11T17:19:41","slug":"crianca-de-7-anos-e-encontrada-acorrentada-e-espancada-pela-mae-em-boqueirao","status":"publish","type":"post","link":"https:\/\/www.caririemacao.com\/1\/2019\/07\/11\/crianca-de-7-anos-e-encontrada-acorrentada-e-espancada-pela-mae-em-boqueirao\/","title":{"rendered":"Crian\u00e7a de 7 anos \u00e9 encontrada acorrentada e espancada pela m\u00e3e em Boqueir\u00e3o"},"content":{"rendered":"\n<p>Um menino de 7 anos foi encontrado acorrentado e espancado, nesta quarta-feira (10), na cidade de Boqueir\u00e3o, na Para\u00edba. A crian\u00e7a estava sendo mantida em c\u00e1rcere privado e&nbsp;teria sido espancada com fios el\u00e9tricos, cordas e velas, pela pr\u00f3pria m\u00e3e.&nbsp;<\/p>\n\n\n\n<p>De acordo com o Conselho Tutelar da regi\u00e3o, as agress\u00f5es foram&nbsp;descobertas por funcion\u00e1rios da escola onde ele estuda, que estranharam sua aus\u00eancia nos \u00faltimos dias. Uma tia da crian\u00e7a tamb\u00e9m participou da den\u00fancia.&nbsp;<\/p>\n\n\n\n<p>A crian\u00e7a foi socorrida para o Hospital de Trauma de Campina Grande. De acordo com boletim m\u00e9dico, o menino foi diagnosticado com anemia, desnutri\u00e7\u00e3o proteico-cal\u00f3rica, sinais de hematomas e queimaduras diversas pelo corpo.&nbsp;<\/p>\n\n\n\n<p>O menino segue est\u00e1vel, n\u00e3o precisando de cirurgia de urg\u00eancia, necessitando manter internado, sem previs\u00e3o de alta hospitalar.&nbsp;<\/p>\n\n\n\n<p>A Pol\u00edcia Civil foi acionada na manh\u00e3 desta quinta-feira (11), e vai investigar a m\u00e3e do menino&nbsp;por tentativa de homic\u00eddio e tortura.<\/p>\n","protected":false},"excerpt":{"rendered":"<p>Um menino de 7 anos foi encontrado acorrentado e espancado, nesta quarta-feira (10), na cidade de Boqueir\u00e3o, na Para\u00edba. A crian\u00e7a estava sendo mantida em&hellip; <\/p>\n","protected":false},"author":1,"featured_media":104230,"comment_status":"closed","ping_status":"closed","sticky":false,"template":"","format":"standard","meta":{"sfsi_plus_gutenberg_text_before_share":"","sfsi_plus_gutenberg_show_text_before_share":"","sfsi_plus_gutenberg_icon_type":"","sfsi_plus_gutenberg_icon_alignemt":"","sfsi_plus_gutenburg_max_per_row":"","footnotes":""},"categories":[12],"tags":[],"class_list":["post-104229","post","type-post","status-publish","format-standard","has-post-thumbnail","hentry","category-policia"],"_links":{"self":[{"href":"https:\/\/www.caririemacao.com\/1\/wp-json\/wp\/v2\/posts\/104229","targetHints":{"allow":["GET"]}}],"collection":[{"href":"https:\/\/www.caririemacao.com\/1\/wp-json\/wp\/v2\/posts"}],"about":[{"href":"https:\/\/www.caririemacao.com\/1\/wp-json\/wp\/v2\/types\/post"}],"author":[{"embeddable":true,"href":"https:\/\/www.caririemacao.com\/1\/wp-json\/wp\/v2\/users\/1"}],"replies":[{"embeddable":true,"href":"https:\/\/www.caririemacao.com\/1\/wp-json\/wp\/v2\/comments?post=104229"}],"version-history":[{"count":1,"href":"https:\/\/www.caririemacao.com\/1\/wp-json\/wp\/v2\/posts\/104229\/revisions"}],"predecessor-version":[{"id":104231,"href":"https:\/\/www.caririemacao.com\/1\/wp-json\/wp\/v2\/posts\/104229\/revisions\/104231"}],"wp:featuredmedia":[{"embeddable":true,"href":"https:\/\/www.caririemacao.com\/1\/wp-json\/wp\/v2\/media\/104230"}],"wp:attachment":[{"href":"https:\/\/www.caririemacao.com\/1\/wp-json\/wp\/v2\/media?parent=104229"}],"wp:term":[{"taxonomy":"category","embeddable":true,"href":"https:\/\/www.caririemacao.com\/1\/wp-json\/wp\/v2\/categories?post=104229"},{"taxonomy":"post_tag","embeddable":true,"href":"https:\/\/www.caririemacao.com\/1\/wp-json\/wp\/v2\/tags?post=104229"}],"curies":[{"name":"wp","href":"https:\/\/api.w.org\/{rel}","templated":true}]}}