{"id":104235,"date":"2019-07-11T14:25:33","date_gmt":"2019-07-11T17:25:33","guid":{"rendered":"http:\/\/www.caririemacao.com\/1\/?p=104235"},"modified":"2019-07-11T14:25:33","modified_gmt":"2019-07-11T17:25:33","slug":"uepb-divulga-terceira-chamada-da-lista-de-espera-do-sisu-2019-2","status":"publish","type":"post","link":"https:\/\/www.caririemacao.com\/1\/2019\/07\/11\/uepb-divulga-terceira-chamada-da-lista-de-espera-do-sisu-2019-2\/","title":{"rendered":"UEPB divulga terceira chamada da Lista de Espera do SiSU 2019.2"},"content":{"rendered":"\n<p>A Pr\u00f3-Reitoria de Gradua\u00e7\u00e3o (PROGRAD) da Universidade Estadual da Para\u00edba (UEPB) divulgou, nesta quinta-feira (11), a terceira chamada da Lista de Espera do Sistema de Sele\u00e7\u00e3o Unificada (SiSU) 2019\/2. Os candidatos convocados nesta chamada devem efetuar matr\u00edcula nos dias 12, 15 e 16 de julho, das 7h \u00e0s 12h, na coordena\u00e7\u00e3o do curso para o qual foi aprovado.<\/p>\n\n\n\n<p>Para a efetiva\u00e7\u00e3o da matr\u00edcula, os convocados devem entregar c\u00f3pias dos seguintes<br>documentos (podendo optar por trazer os documentos autenticados ou os originais para<br>que o servidor possa atestar a autenticidade): certificado de conclus\u00e3o do Ensino M\u00e9dio e Hist\u00f3rico Escolar; RG e CPF; prova de quita\u00e7\u00e3o com o Servi\u00e7o Militar (no caso de candidatos do sexo masculino); Registro de Nascimento ou Certid\u00e3o de Casamento; prova de quita\u00e7\u00e3o com o TRE, para maiores de 18 anos; e uma fotografia 3\u00d74 recente.<\/p>\n\n\n\n<p>A matr\u00edcula s\u00f3 ser\u00e1 permitida aos estudantes que apresentarem todos os documentos<br>exigidos no Edital, n\u00e3o sendo permitida a complementa\u00e7\u00e3o de documentos posteriormente. A rela\u00e7\u00e3o completa de convocados est\u00e1 dispon\u00edvel no site<br><a href=\"http:\/\/www.uepb.edu.br\/\">www.uepb.edu.br<\/a>&nbsp;. Outras informa\u00e7\u00f5es podem ser obtidas pelo telefone (83) 3315-3350, ou no site&nbsp;<a href=\"http:\/\/proreitorias.uepb.edu.br\/prograd\/sisu\/sisu-entrada-2019-2\/\">http:\/\/proreitorias.uepb.edu.b&#8230;<\/a><\/p>\n","protected":false},"excerpt":{"rendered":"<p>A Pr\u00f3-Reitoria de Gradua\u00e7\u00e3o (PROGRAD) da Universidade Estadual da Para\u00edba (UEPB) divulgou, nesta quinta-feira (11), a terceira chamada da Lista de Espera do Sistema de&hellip; <\/p>\n","protected":false},"author":1,"featured_media":104237,"comment_status":"closed","ping_status":"closed","sticky":false,"template":"","format":"standard","meta":{"sfsi_plus_gutenberg_text_before_share":"","sfsi_plus_gutenberg_show_text_before_share":"","sfsi_plus_gutenberg_icon_type":"","sfsi_plus_gutenberg_icon_alignemt":"","sfsi_plus_gutenburg_max_per_row":"","footnotes":""},"categories":[2],"tags":[],"class_list":["post-104235","post","type-post","status-publish","format-standard","has-post-thumbnail","hentry","category-geral"],"_links":{"self":[{"href":"https:\/\/www.caririemacao.com\/1\/wp-json\/wp\/v2\/posts\/104235","targetHints":{"allow":["GET"]}}],"collection":[{"href":"https:\/\/www.caririemacao.com\/1\/wp-json\/wp\/v2\/posts"}],"about":[{"href":"https:\/\/www.caririemacao.com\/1\/wp-json\/wp\/v2\/types\/post"}],"author":[{"embeddable":true,"href":"https:\/\/www.caririemacao.com\/1\/wp-json\/wp\/v2\/users\/1"}],"replies":[{"embeddable":true,"href":"https:\/\/www.caririemacao.com\/1\/wp-json\/wp\/v2\/comments?post=104235"}],"version-history":[{"count":1,"href":"https:\/\/www.caririemacao.com\/1\/wp-json\/wp\/v2\/posts\/104235\/revisions"}],"predecessor-version":[{"id":104238,"href":"https:\/\/www.caririemacao.com\/1\/wp-json\/wp\/v2\/posts\/104235\/revisions\/104238"}],"wp:featuredmedia":[{"embeddable":true,"href":"https:\/\/www.caririemacao.com\/1\/wp-json\/wp\/v2\/media\/104237"}],"wp:attachment":[{"href":"https:\/\/www.caririemacao.com\/1\/wp-json\/wp\/v2\/media?parent=104235"}],"wp:term":[{"taxonomy":"category","embeddable":true,"href":"https:\/\/www.caririemacao.com\/1\/wp-json\/wp\/v2\/categories?post=104235"},{"taxonomy":"post_tag","embeddable":true,"href":"https:\/\/www.caririemacao.com\/1\/wp-json\/wp\/v2\/tags?post=104235"}],"curies":[{"name":"wp","href":"https:\/\/api.w.org\/{rel}","templated":true}]}}