{"id":104258,"date":"2019-07-11T15:03:15","date_gmt":"2019-07-11T18:03:15","guid":{"rendered":"http:\/\/www.caririemacao.com\/1\/?p=104258"},"modified":"2019-07-11T15:03:15","modified_gmt":"2019-07-11T18:03:15","slug":"bolsonaro-recebe-bancada-da-frente-parlamentar-evangelica","status":"publish","type":"post","link":"https:\/\/www.caririemacao.com\/1\/2019\/07\/11\/bolsonaro-recebe-bancada-da-frente-parlamentar-evangelica\/","title":{"rendered":"Bolsonaro recebe bancada da Frente Parlamentar Evang\u00e9lica"},"content":{"rendered":"\n<p>No dia seguinte ao da aprova\u00e7\u00e3o da reforma da Previd\u00eancia em primeiro turno na C\u00e2mara dos Deputados, o presidente Jair Bolsonaro recebeu hoje (11) a bancada da Frente Parlamentar Evang\u00e9lica no Congresso Nacional, no Pal\u00e1cio do Planalto, e agradeceu o apoio pelo avan\u00e7o da mat\u00e9ria.<\/p>\n\n\n\n<p>Ontem (10) \u00e0 noite, o plen\u00e1rio aprovou o texto-base da reforma da Previd\u00eancia por 379 votos a favor e 131 contra. Hoje, os deputados retomam os trabalho para votar os destaques, que s\u00e3o mudan\u00e7as pontuais, e emendas aglutinativas. A expectativa \u00e9 que a conclus\u00e3o da vota\u00e7\u00e3o em segundo turno aconte\u00e7a na sexta-feira (12) \u00e0 noite ou no s\u00e1bado (13) de manh\u00e3.<\/p>\n\n\n\n<p>Durante o caf\u00e9 da manh\u00e3, Bolsonaro se disp\u00f4s a receber as ideias dos parlamentares, de projetos para a popula\u00e7\u00e3o, que podem ser colocados em pr\u00e1tica via dispositivos mais \u00e1geis, como decreto presidencial. \u201cOs senhores t\u00eam ideias maravilhosas que, via decreto, se podem resolver, ou projeto de lei, inclus\u00e3o por ocasi\u00e3o de relat\u00f3rio de medida provis\u00f3ria. Essas pequenas medidas t\u00eam alcance enorme no Brasil e traz a popula\u00e7\u00e3o para o nosso lado\u201d, disse.<\/p>\n\n\n\n<p>O presidente citou a\u00e7\u00f5es para desburocratizar processos, melhorar a vida da popula\u00e7\u00e3o e para impulsionar a economia dos estados, como as mudan\u00e7as nas regras para obter a&nbsp;<a href=\"http:\/\/agenciabrasil.ebc.com.br\/politica\/noticia\/2019-06\/governo-apresenta-proposta-de-mudanca-no-codigo-de-transito-brasileiro\" target=\"_blank\" rel=\"noreferrer noopener\">Carteira Nacional de Habilita\u00e7\u00e3o<\/a>, o fim dos radares eletr\u00f4nicos em rodovias federais e a libera\u00e7\u00e3o de \u00e1reas de preserva\u00e7\u00e3o ambiental para o turismo.<\/p>\n\n\n\n<p>Bolsonaro j\u00e1 deu declara\u00e7\u00e3o dizendo que quer revogar o decreto que criou a&nbsp;<a href=\"http:\/\/agenciabrasil.ebc.com.br\/politica\/noticia\/2019-05\/bolsonaro-quer-revogar-decreto-que-criou-estacao-ecologica-no-rj\" target=\"_blank\" rel=\"noreferrer noopener\">Esta\u00e7\u00e3o Ecol\u00f3gica de Tamoios<\/a>, onde fica a Ba\u00eda de Angra dos Reis. O objetivo do presidente \u00e9 transformar a regi\u00e3o em uma nova Canc\u00fan, uma refer\u00eancia ao balne\u00e1rio mexicano conhecido pela beleza das praias e os grandes hot\u00e9is de luxo.<\/p>\n\n\n\n<p>\u201cMas o decreto que demarcou a esta\u00e7\u00e3o ecol\u00f3gica s\u00f3 pode ser derrubado por uma lei. Estamos conversando com v\u00e1rios governadores no sentido de nos unirmos e desmarcarmos muita coisa por decreto no passado para poder fazer com que o Estado possa prosseguir\u201d, explicou o presidente Bolsonaro aos parlamentares.Bolsonaro recebe Frente Parlamentar Evang\u00e9lica em caf\u00e9 da manh\u00e3 no Pal\u00e1cio do PlanaltoAntonio Cruz\/Ag\u00eancia Brasil\u00d7<br><\/p>\n","protected":false},"excerpt":{"rendered":"<p>No dia seguinte ao da aprova\u00e7\u00e3o da reforma da Previd\u00eancia em primeiro turno na C\u00e2mara dos Deputados, o presidente Jair Bolsonaro recebeu hoje (11) a&hellip; <\/p>\n","protected":false},"author":1,"featured_media":104259,"comment_status":"closed","ping_status":"closed","sticky":false,"template":"","format":"standard","meta":{"sfsi_plus_gutenberg_text_before_share":"","sfsi_plus_gutenberg_show_text_before_share":"","sfsi_plus_gutenberg_icon_type":"","sfsi_plus_gutenberg_icon_alignemt":"","sfsi_plus_gutenburg_max_per_row":"","footnotes":""},"categories":[11],"tags":[],"class_list":["post-104258","post","type-post","status-publish","format-standard","has-post-thumbnail","hentry","category-politica"],"_links":{"self":[{"href":"https:\/\/www.caririemacao.com\/1\/wp-json\/wp\/v2\/posts\/104258","targetHints":{"allow":["GET"]}}],"collection":[{"href":"https:\/\/www.caririemacao.com\/1\/wp-json\/wp\/v2\/posts"}],"about":[{"href":"https:\/\/www.caririemacao.com\/1\/wp-json\/wp\/v2\/types\/post"}],"author":[{"embeddable":true,"href":"https:\/\/www.caririemacao.com\/1\/wp-json\/wp\/v2\/users\/1"}],"replies":[{"embeddable":true,"href":"https:\/\/www.caririemacao.com\/1\/wp-json\/wp\/v2\/comments?post=104258"}],"version-history":[{"count":1,"href":"https:\/\/www.caririemacao.com\/1\/wp-json\/wp\/v2\/posts\/104258\/revisions"}],"predecessor-version":[{"id":104260,"href":"https:\/\/www.caririemacao.com\/1\/wp-json\/wp\/v2\/posts\/104258\/revisions\/104260"}],"wp:featuredmedia":[{"embeddable":true,"href":"https:\/\/www.caririemacao.com\/1\/wp-json\/wp\/v2\/media\/104259"}],"wp:attachment":[{"href":"https:\/\/www.caririemacao.com\/1\/wp-json\/wp\/v2\/media?parent=104258"}],"wp:term":[{"taxonomy":"category","embeddable":true,"href":"https:\/\/www.caririemacao.com\/1\/wp-json\/wp\/v2\/categories?post=104258"},{"taxonomy":"post_tag","embeddable":true,"href":"https:\/\/www.caririemacao.com\/1\/wp-json\/wp\/v2\/tags?post=104258"}],"curies":[{"name":"wp","href":"https:\/\/api.w.org\/{rel}","templated":true}]}}