{"id":104263,"date":"2019-07-11T15:10:22","date_gmt":"2019-07-11T18:10:22","guid":{"rendered":"http:\/\/www.caririemacao.com\/1\/?p=104263"},"modified":"2019-07-11T15:10:22","modified_gmt":"2019-07-11T18:10:22","slug":"pesquisa-mostra-regressao-de-danos-em-bebes-expostos-ao-virus-zika","status":"publish","type":"post","link":"https:\/\/www.caririemacao.com\/1\/2019\/07\/11\/pesquisa-mostra-regressao-de-danos-em-bebes-expostos-ao-virus-zika\/","title":{"rendered":"Pesquisa mostra regress\u00e3o de danos em beb\u00eas expostos ao v\u00edrus Zika"},"content":{"rendered":"\n<p>Um estudo, publicado esta semana na revista cient\u00edfica&nbsp;<em>Nature Medicin<\/em>, relatou dois casos de beb\u00eas que nasceram com microcefalia associada \u00e0 exposi\u00e7\u00e3o das m\u00e3es ao v\u00edrus Zika durante a gravidez e que apresentaram desenvolvimento normal do c\u00e9rebro ap\u00f3s o parto.<\/p>\n\n\n\n<p>Com 28 autores, a pesquisa, desenvolvida em parceria do Instituto Fernandes Figueira, da Funda\u00e7\u00e3o Oswaldo Cruz (IFF\/Fiocruz) com a Universidade da Calif\u00f3rnia, nos Estados Unidos, foi publicada em forma de artigo com o t\u00edtulo \u201c<em>Neurodesenvolvimento infantil tardio e altera\u00e7\u00f5es neurossensoriais no segundo ano de vida em um grupo de crian\u00e7as expostas ao Zika v\u00edrus<\/em>\u201d, em tradu\u00e7\u00e3o livre do ingl\u00eas.<\/p>\n\n\n\n<p>Uma das autoras do estudo, a pediatra Maria Elizabeth Moreira, pesquisadora do IFF\/Fiocruz, explica que foram acompanhadas 216 mulheres gr\u00e1vidas que apresentaram os sintomas do v\u00edrus Zika em 2016, quando o Rio de Janeiro teve surto da doen\u00e7a.<\/p>\n\n\n\n<p>\u201cAs crian\u00e7as s\u00e3o acompanhadas desde a exposi\u00e7\u00e3o da m\u00e3e ao Zika, m\u00e3es que tiveram os sintomas de rash cut\u00e2nea, febre. Elas fizeram o exame PCR, que detecta a patologia na fase adulta da doen\u00e7a. A\u00ed, desde a gravidez, essas m\u00e3es foram sendo seguidas, passando pelo nascimento dos beb\u00eas e pelo desenvolvimento dos beb\u00eas at\u00e9 o terceiro ano de vida, que eles est\u00e3o chegando agora\u201d.<\/p>\n\n\n\n<h2 class=\"wp-block-heading\">Pesquisa<\/h2>\n\n\n\n<p>De acordo com a pesquisadora, a microcefalia associada ao Zika resulta da destrui\u00e7\u00e3o do par\u00eanquima cerebral, ou seja, da massa encef\u00e1lica. \u201cPor isso que a t\u00e1bua \u00f3ssea, que define o tamanho do per\u00edmetro cef\u00e1lico, colapsa e a cabe\u00e7a fica pequena\u201d, explica. Entre as 216 m\u00e3es que entraram no grupo do estudo, oito tiveram filhos com microcefalia.<\/p>\n\n\n\n<p>Segundo Elizabeth Moreira, os dois beb\u00eas que apresentaram recupera\u00e7\u00e3o ap\u00f3s o nascimento n\u00e3o tinham a destrui\u00e7\u00e3o do par\u00eanquima cerebral, ou seja, eram casos menos graves da doen\u00e7a, filhos de m\u00e3es que tiveram Zika no final da gravidez.<\/p>\n\n\n\n<p>\u201cUm dos beb\u00eas era todo pequeno, tinha per\u00edmetro cef\u00e1lico, peso e comprimento pequenos, porque havia uma insufici\u00eancia placent\u00e1ria e o beb\u00ea tinha uma restri\u00e7\u00e3o de crescimento intra-\u00fatero. Quando o beb\u00ea nasce e come\u00e7a a receber nutrientes e estimula\u00e7\u00e3o adequadas, o per\u00edmetro cef\u00e1lico volta a crescer, porque ele n\u00e3o tinha a destrui\u00e7\u00e3o do par\u00eanquima, ele s\u00f3 tinha a cabe\u00e7a pequenininha e era todo pequenininho\u201d, disse.<\/p>\n\n\n\n<p>O segundo beb\u00ea nasceu com a moleira fechada, patologia conhecida como craniosinostose, mas com o c\u00e9rebro normal. \u201cA gente sabe que o c\u00e9rebro da crian\u00e7a cresce at\u00e9 mais ou menos os 3 anos de vida, por isso que a moleira nasce aberta. Se ela fecha antes do tempo, vai impedir o crescimento do c\u00e9rebro embaixo. Ent\u00e3o esse tem que passar por uma cirurgia para liberar o crescimento do c\u00e9rebro e foi o que aconteceu. O beb\u00ea fez a cirurgia, abriu a t\u00e1bua \u00f3ssea e o c\u00e9rebro, que estava normal embaixo voltou a crescer normalmente\u201d, explica Elizabeth Moreira.<\/p>\n\n\n\n<p>A pesquisa tamb\u00e9m mostrou que em 31,5% dos casos (68 crian\u00e7as) tiveram efeitos negativos no desenvolvimento neurol\u00f3gico entre 7 e 32 meses de idade. Exceto as afetadas por altera\u00e7\u00f5es de par\u00eanquima cerebral, de 49 crian\u00e7as com anormalidades logo ap\u00f3s o nascimento, 24 delas, ou 49%, tiveram avalia\u00e7\u00f5es normais no segundo e terceiro anos de vida. Complica\u00e7\u00f5es em exames oculares foram detectados em nove de 137 crian\u00e7as que fizeram o teste e dificuldades auditivas ocorreram em 13 de 114 crian\u00e7as avaliadas.<\/p>\n\n\n\n<h2 class=\"wp-block-heading\">Acompanhamento<\/h2>\n\n\n\n<p>De acordo com a pesquisadora, o resultado do estudo mostra a import\u00e2ncia de fazer o acompanhamento neurol\u00f3gico precoce de todos os beb\u00eas, mesmo os que n\u00e3o apresentam microcefalia.<\/p>\n\n\n\n<p>\u201cA grande quest\u00e3o que esse estudo traz \u00e9 que os beb\u00eas sem microcefalia tamb\u00e9m podem apresentar atraso no desenvolvimento, 30% deles podem apresentar isso. E o diagn\u00f3stico tem que ser feito a tempo de voc\u00ea poder fazer algum tipo de estimula\u00e7\u00e3o precoce para minimizar os problemas relacionados a atraso no desenvolvimento. Ent\u00e3o esses beb\u00eas precisam ser seguidos periodicamente, com testes de desenvolvimento, para que voc\u00ea possa encaminhar precocemente \u00e0 estimula\u00e7\u00e3o\u201d, disse.<\/p>\n\n\n\n<p>O IFF\/Fiocruz acompanha, atualmente, um total de 87 crian\u00e7as com microcefalia associada a problemas como toxoplasmose, citomegalov\u00edrus e quest\u00f5es gen\u00e9ticas, al\u00e9m do v\u00edrus Zika.<\/p>\n","protected":false},"excerpt":{"rendered":"<p>Um estudo, publicado esta semana na revista cient\u00edfica&nbsp;Nature Medicin, relatou dois casos de beb\u00eas que nasceram com microcefalia associada \u00e0 exposi\u00e7\u00e3o das m\u00e3es ao v\u00edrus&hellip; <\/p>\n","protected":false},"author":1,"featured_media":104264,"comment_status":"closed","ping_status":"closed","sticky":false,"template":"","format":"standard","meta":{"sfsi_plus_gutenberg_text_before_share":"","sfsi_plus_gutenberg_show_text_before_share":"","sfsi_plus_gutenberg_icon_type":"","sfsi_plus_gutenberg_icon_alignemt":"","sfsi_plus_gutenburg_max_per_row":"","footnotes":""},"categories":[2],"tags":[],"class_list":["post-104263","post","type-post","status-publish","format-standard","has-post-thumbnail","hentry","category-geral"],"_links":{"self":[{"href":"https:\/\/www.caririemacao.com\/1\/wp-json\/wp\/v2\/posts\/104263","targetHints":{"allow":["GET"]}}],"collection":[{"href":"https:\/\/www.caririemacao.com\/1\/wp-json\/wp\/v2\/posts"}],"about":[{"href":"https:\/\/www.caririemacao.com\/1\/wp-json\/wp\/v2\/types\/post"}],"author":[{"embeddable":true,"href":"https:\/\/www.caririemacao.com\/1\/wp-json\/wp\/v2\/users\/1"}],"replies":[{"embeddable":true,"href":"https:\/\/www.caririemacao.com\/1\/wp-json\/wp\/v2\/comments?post=104263"}],"version-history":[{"count":1,"href":"https:\/\/www.caririemacao.com\/1\/wp-json\/wp\/v2\/posts\/104263\/revisions"}],"predecessor-version":[{"id":104265,"href":"https:\/\/www.caririemacao.com\/1\/wp-json\/wp\/v2\/posts\/104263\/revisions\/104265"}],"wp:featuredmedia":[{"embeddable":true,"href":"https:\/\/www.caririemacao.com\/1\/wp-json\/wp\/v2\/media\/104264"}],"wp:attachment":[{"href":"https:\/\/www.caririemacao.com\/1\/wp-json\/wp\/v2\/media?parent=104263"}],"wp:term":[{"taxonomy":"category","embeddable":true,"href":"https:\/\/www.caririemacao.com\/1\/wp-json\/wp\/v2\/categories?post=104263"},{"taxonomy":"post_tag","embeddable":true,"href":"https:\/\/www.caririemacao.com\/1\/wp-json\/wp\/v2\/tags?post=104263"}],"curies":[{"name":"wp","href":"https:\/\/api.w.org\/{rel}","templated":true}]}}