{"id":104268,"date":"2019-07-11T15:14:46","date_gmt":"2019-07-11T18:14:46","guid":{"rendered":"http:\/\/www.caririemacao.com\/1\/?p=104268"},"modified":"2019-07-11T15:14:46","modified_gmt":"2019-07-11T18:14:46","slug":"governo-defendera-estrutura-familiar-em-candidatura-a-conselho-da-onu","status":"publish","type":"post","link":"https:\/\/www.caririemacao.com\/1\/2019\/07\/11\/governo-defendera-estrutura-familiar-em-candidatura-a-conselho-da-onu\/","title":{"rendered":"Governo defender\u00e1 estrutura familiar em candidatura a conselho da ONU"},"content":{"rendered":"\n<p>O fortalecimento das estruturas familiares e a exclus\u00e3o das men\u00e7\u00f5es de g\u00eanero s\u00e3o as prioridades que o governo do presidente Jair Bolsonaro apresentar\u00e1 na candidatura do Brasil \u00e0 reelei\u00e7\u00e3o no Conselho de Direitos Humanos das Na\u00e7\u00f5es Unidas. As elei\u00e7\u00f5es ocorrem em outubro, durante a Assembleia Geral da Organiza\u00e7\u00e3o das Na\u00e7\u00f5es Unidas (ONU).<\/p>\n\n\n\n<p>Em publica\u00e7\u00e3o em sua conta no Twitter, Bolsonaro confirmou a candidatura do Brasil \u00e0 vaga e as prioridades do governo, caso o pa\u00eds seja reeleito para um segundo mandato. \u201cAs principais pautas est\u00e3o ligadas ao fortalecimento das estruturas familiares e a exclus\u00e3o das men\u00e7\u00f5es de g\u00eanero\u201d, escreveu.<\/p>\n\n\n\n<p>Criado em 2006, o conselho tem o objetivo de refor\u00e7ar a promo\u00e7\u00e3o e a prote\u00e7\u00e3o dos direitos humanos pelo mundo, debater viola\u00e7\u00f5es e fazer recomenda\u00e7\u00f5es aos pa\u00edses. O Brasil foi eleito em 2016 para um mandato de tr\u00eas anos, iniciado em 1\u00ba de janeiro de 2017.<\/p>\n\n\n\n<p>O \u00f3rg\u00e3o \u00e9 composto por 47 pa\u00edses-membros, que n\u00e3o podem ser reeleitos ap\u00f3s dois mandatos consecutivos. As vagas s\u00e3o distribu\u00eddas de acordo com a representa\u00e7\u00e3o geogr\u00e1fica. Na pr\u00f3xima elei\u00e7\u00e3o, em outubro, h\u00e1 dois assentos para candidatos da Am\u00e9rica Latina e do Caribe para o tri\u00eanio de 2020 a 2022.<\/p>\n\n\n\n<figure class=\"wp-block-image\"><a href=\"https:\/\/twitter.com\/jairbolsonaro\"><img decoding=\"async\" data-src=\"https:\/\/pbs.twimg.com\/profile_images\/1057631480459886595\/9VPdGJJz_bigger.jpg\" alt=\"\" src=\"data:image\/svg+xml;base64,PHN2ZyB3aWR0aD0iMSIgaGVpZ2h0PSIxIiB4bWxucz0iaHR0cDovL3d3dy53My5vcmcvMjAwMC9zdmciPjwvc3ZnPg==\" class=\"lazyload\" \/><\/a><\/figure>\n\n\n\n<p><a href=\"https:\/\/twitter.com\/jairbolsonaro\"><strong>Jair M. Bolsonaro<\/strong><strong>&#x2714;<\/strong>@jairbolsonaro<\/a><a href=\"https:\/\/twitter.com\/jairbolsonaro\/status\/1149280327665422337\"><\/a><\/p>\n\n\n\n<p>&#8211; Na ONU o Governo Jair Bolsonaro apresentar\u00e1 suas prioridades no documento de candidatura \u00e0 reelei\u00e7\u00e3o no Conselho de Direitos Humanos da ONU. As principais pautas est\u00e3o ligadas ao fortalecimento das estruturas familiares e a exclus\u00e3o das men\u00e7\u00f5es de g\u00eanero.<\/p>\n","protected":false},"excerpt":{"rendered":"<p>O fortalecimento das estruturas familiares e a exclus\u00e3o das men\u00e7\u00f5es de g\u00eanero s\u00e3o as prioridades que o governo do presidente Jair Bolsonaro apresentar\u00e1 na candidatura&hellip; <\/p>\n","protected":false},"author":1,"featured_media":104270,"comment_status":"closed","ping_status":"closed","sticky":false,"template":"","format":"standard","meta":{"sfsi_plus_gutenberg_text_before_share":"","sfsi_plus_gutenberg_show_text_before_share":"","sfsi_plus_gutenberg_icon_type":"","sfsi_plus_gutenberg_icon_alignemt":"","sfsi_plus_gutenburg_max_per_row":"","footnotes":""},"categories":[2],"tags":[],"class_list":["post-104268","post","type-post","status-publish","format-standard","has-post-thumbnail","hentry","category-geral"],"_links":{"self":[{"href":"https:\/\/www.caririemacao.com\/1\/wp-json\/wp\/v2\/posts\/104268","targetHints":{"allow":["GET"]}}],"collection":[{"href":"https:\/\/www.caririemacao.com\/1\/wp-json\/wp\/v2\/posts"}],"about":[{"href":"https:\/\/www.caririemacao.com\/1\/wp-json\/wp\/v2\/types\/post"}],"author":[{"embeddable":true,"href":"https:\/\/www.caririemacao.com\/1\/wp-json\/wp\/v2\/users\/1"}],"replies":[{"embeddable":true,"href":"https:\/\/www.caririemacao.com\/1\/wp-json\/wp\/v2\/comments?post=104268"}],"version-history":[{"count":1,"href":"https:\/\/www.caririemacao.com\/1\/wp-json\/wp\/v2\/posts\/104268\/revisions"}],"predecessor-version":[{"id":104271,"href":"https:\/\/www.caririemacao.com\/1\/wp-json\/wp\/v2\/posts\/104268\/revisions\/104271"}],"wp:featuredmedia":[{"embeddable":true,"href":"https:\/\/www.caririemacao.com\/1\/wp-json\/wp\/v2\/media\/104270"}],"wp:attachment":[{"href":"https:\/\/www.caririemacao.com\/1\/wp-json\/wp\/v2\/media?parent=104268"}],"wp:term":[{"taxonomy":"category","embeddable":true,"href":"https:\/\/www.caririemacao.com\/1\/wp-json\/wp\/v2\/categories?post=104268"},{"taxonomy":"post_tag","embeddable":true,"href":"https:\/\/www.caririemacao.com\/1\/wp-json\/wp\/v2\/tags?post=104268"}],"curies":[{"name":"wp","href":"https:\/\/api.w.org\/{rel}","templated":true}]}}