{"id":104281,"date":"2019-07-11T15:24:45","date_gmt":"2019-07-11T18:24:45","guid":{"rendered":"http:\/\/www.caririemacao.com\/1\/?p=104281"},"modified":"2019-07-11T15:24:45","modified_gmt":"2019-07-11T18:24:45","slug":"pesquisadora-da-ufpb-descobre-que-inseticida-natural-mata-mosquito-da-dengue","status":"publish","type":"post","link":"https:\/\/www.caririemacao.com\/1\/2019\/07\/11\/pesquisadora-da-ufpb-descobre-que-inseticida-natural-mata-mosquito-da-dengue\/","title":{"rendered":"Pesquisadora da UFPB descobre que inseticida natural mata mosquito da dengue"},"content":{"rendered":"\n<p>A pesquisadora do Departamento de Biologia Celular e Molecular da Universidade Federal da Para\u00edba (UFPB) Fab\u00edola Cruz descobriu que o l\u00edquido extra\u00eddo do sisal, planta cultivada em regi\u00f5es semi\u00e1ridas, mata rapidamente o Aedes aegypti, mais conhecido como o mosquito da dengue.<\/p>\n\n\n\n<p>Agora, na \u00faltima fase da pesquisa, a tamb\u00e9m coordenadora do Laborat\u00f3rio de Biotecnologia Aplicada a Parasitas e Vetores (Lapavet) investiga as formas seguras de utiliza\u00e7\u00e3o da subst\u00e2ncia, com previs\u00e3o de conclus\u00e3o em dois anos.<\/p>\n\n\n\n<figure class=\"wp-block-image\"><img decoding=\"async\" data-src=\"https:\/\/paraibaonline.com.br\/wp-content\/uploads\/2016\/07\/aedes.jpg\" alt=\"Foto: Ag\u00eancia Brasil\" class=\"wp-image-82172 lazyload\" src=\"data:image\/svg+xml;base64,PHN2ZyB3aWR0aD0iMSIgaGVpZ2h0PSIxIiB4bWxucz0iaHR0cDovL3d3dy53My5vcmcvMjAwMC9zdmciPjwvc3ZnPg==\" \/><\/figure>\n\n\n\n<p>Foto: Ag\u00eancia Brasil<\/p>\n\n\n\n<p>\u201cA efic\u00e1cia como inseticida j\u00e1 foi comprovada, tanto no uso direto quanto na produ\u00e7\u00e3o de iscas\u201d, confirma a pesquisadora.<\/p>\n\n\n\n<p>Segundo Fab\u00edola Cruz, a descoberta foi por acaso e teve in\u00edcio a partir do relato de pequenos agricultores sobre a utiliza\u00e7\u00e3o do suco do sisal para elimina\u00e7\u00e3o de carrapatos de bois.<\/p>\n\n\n\n<p>\u201cNo processo de extra\u00e7\u00e3o da fibra do sisal, \u00e9 obtido tamb\u00e9m um suco, que comp\u00f5e 95% da planta. A partir desses relatos, a Embrapa Algod\u00e3o prop\u00f4s parceria para descobrir as propriedades biol\u00f3gicas do extrato\u201d.<\/p>\n\n\n\n<p>Ao aplicar o extrato bruto do suco do sisal nas larvas do Aedes aegypti, Fab\u00edola Cruz descobriu que o l\u00edquido \u00e9 letal para as larvas do mosquito. \u201cA princ\u00edpio, pretendia estudar a a\u00e7\u00e3o larvicida, mas a pesquisa cresceu\u201d.<\/p>\n\n\n\n<p>Quando aplicou o extrato do sisal em diferentes fases de vida do mosquito, obteve resultados tamb\u00e9m positivos. O l\u00edquido foi transformado em p\u00f3, para facilitar as pesquisas enquanto inseticida comercial.<\/p>\n\n\n\n<p>Mais informa\u00e7\u00f5es sobre a pesquisa atrav\u00e9s do e-mail&nbsp;fabiola_cnunes@hotmail.com.<\/p>\n","protected":false},"excerpt":{"rendered":"<p>A pesquisadora do Departamento de Biologia Celular e Molecular da Universidade Federal da Para\u00edba (UFPB) Fab\u00edola Cruz descobriu que o l\u00edquido extra\u00eddo do sisal, planta&hellip; <\/p>\n","protected":false},"author":1,"featured_media":104283,"comment_status":"closed","ping_status":"closed","sticky":false,"template":"","format":"standard","meta":{"sfsi_plus_gutenberg_text_before_share":"","sfsi_plus_gutenberg_show_text_before_share":"","sfsi_plus_gutenberg_icon_type":"","sfsi_plus_gutenberg_icon_alignemt":"","sfsi_plus_gutenburg_max_per_row":"","footnotes":""},"categories":[2],"tags":[],"class_list":["post-104281","post","type-post","status-publish","format-standard","has-post-thumbnail","hentry","category-geral"],"_links":{"self":[{"href":"https:\/\/www.caririemacao.com\/1\/wp-json\/wp\/v2\/posts\/104281","targetHints":{"allow":["GET"]}}],"collection":[{"href":"https:\/\/www.caririemacao.com\/1\/wp-json\/wp\/v2\/posts"}],"about":[{"href":"https:\/\/www.caririemacao.com\/1\/wp-json\/wp\/v2\/types\/post"}],"author":[{"embeddable":true,"href":"https:\/\/www.caririemacao.com\/1\/wp-json\/wp\/v2\/users\/1"}],"replies":[{"embeddable":true,"href":"https:\/\/www.caririemacao.com\/1\/wp-json\/wp\/v2\/comments?post=104281"}],"version-history":[{"count":1,"href":"https:\/\/www.caririemacao.com\/1\/wp-json\/wp\/v2\/posts\/104281\/revisions"}],"predecessor-version":[{"id":104284,"href":"https:\/\/www.caririemacao.com\/1\/wp-json\/wp\/v2\/posts\/104281\/revisions\/104284"}],"wp:featuredmedia":[{"embeddable":true,"href":"https:\/\/www.caririemacao.com\/1\/wp-json\/wp\/v2\/media\/104283"}],"wp:attachment":[{"href":"https:\/\/www.caririemacao.com\/1\/wp-json\/wp\/v2\/media?parent=104281"}],"wp:term":[{"taxonomy":"category","embeddable":true,"href":"https:\/\/www.caririemacao.com\/1\/wp-json\/wp\/v2\/categories?post=104281"},{"taxonomy":"post_tag","embeddable":true,"href":"https:\/\/www.caririemacao.com\/1\/wp-json\/wp\/v2\/tags?post=104281"}],"curies":[{"name":"wp","href":"https:\/\/api.w.org\/{rel}","templated":true}]}}