{"id":104289,"date":"2019-07-11T15:36:35","date_gmt":"2019-07-11T18:36:35","guid":{"rendered":"http:\/\/www.caririemacao.com\/1\/?p=104289"},"modified":"2019-07-11T15:36:35","modified_gmt":"2019-07-11T18:36:35","slug":"brasileira-pode-ser-a-primeira-mulher-sul-americana-a-escalar-a-montanha-mais-perigosa-do-mundo","status":"publish","type":"post","link":"https:\/\/www.caririemacao.com\/1\/2019\/07\/11\/brasileira-pode-ser-a-primeira-mulher-sul-americana-a-escalar-a-montanha-mais-perigosa-do-mundo\/","title":{"rendered":"Brasileira pode ser a primeira mulher sul-americana a escalar a montanha mais perigosa do mundo"},"content":{"rendered":"\n<p>A brasileira Karina Oliani pode ser a primeira mulher sul-americana a escalar a montanha mais perigosa do mundo. O K2 conta com 8.611 metros e \u00e9 o segundo monte mais alto do planeta, perdendo apenas para o Everest. A combina\u00e7\u00e3o de perigosos fatores, como inclina\u00e7\u00e3o intensa, nevascas, pared\u00f5es gigantescos, instabilidade clim\u00e1tica e avalanches imprevis\u00edveis, tornam a experi\u00eancia emocionante e fatal. A cada quatro alpinistas que chegam ao topo do K2, um morre. <\/p>\n\n\n\n<p>At\u00e9 hoje, apenas cerca de 300 pessoas conseguiram escalar a montanha at\u00e9 seu pico. Com o objetivo de ampliar este dado, a brasileira Karina Oliani, 37 anos, inicia sua escalada rumo ao cume do K2. Se conseguir completar o percurso, ela ser\u00e1 a primeira mulher sul-americana a conquistar o feito.<\/p>\n\n\n\n<p>Para a prepara\u00e7\u00e3o, Oliani contou com treinos de escalada e fortalecimento muscular, al\u00e9m de aprimorar a mente. \u201cO melhor jeito de se preparar para uma montanha, al\u00e9m dos exerc\u00edcios, \u00e9 saber que voc\u00ea j\u00e1 \u00e9 uma pessoa experiente. As experi\u00eancias j\u00e1 vividas nesses locais nos mostram o quanto estamos prontos. Eu senti que estou pronta! Gostaria de ter ido ano passado, mas peguei a Doen\u00e7a de Lyme e acabei tendo que adiar a expedi\u00e7\u00e3o em um ano\u201d, conta.&nbsp;<\/p>\n\n\n\n<p>M\u00e9dica ativista e apaixonada por esportes radicais, Karina Oliani possui um hist\u00f3rico impressionante de conquistas. Ela j\u00e1 subiu o Everest duas vezes, conquistando o t\u00edtulo de primeira mulher sul-americana a escalar a montanha mais alta do mundo por suas duas faces. Tamb\u00e9m desafiou e conquistou outros tr\u00eas dos sete maiores cumes dos continentes, o Kilimanjaro, o Aconc\u00e1gua e o Elbrus. Al\u00e9m de atravessar um vulc\u00e3o em atividade, ca\u00e7ar tornados e a Aurora Boreal, Oliani ainda tem em seu curr\u00edculo os t\u00edtulos de bicampe\u00e3 brasileira de wakeboard e snowboard.<\/p>\n\n\n\n<p>Ser\u00e3o, em m\u00e9dia, 43 dias para completar o percurso de subida e descida, que contar\u00e1 com diversas etapas. \u201cBasicamente, nos primeiros 15 dias vou fazer um trekking e a aproxima\u00e7\u00e3o entre Islamabad, que \u00e9 a capital do Paquist\u00e3o, e Conc\u00f3rdia, onde fica o acampamento base do K2. Chegando l\u00e1, descanso, me aclimato (processo de retomada do oxig\u00eanio por causa da altitude e da temperatura corporal necess\u00e1ria devido \u00e0s temperaturas que chegam a quase 50 graus celsius negativos) e fa\u00e7o meu puja &#8211; a cerim\u00f4nia de pedir permiss\u00e3o para come\u00e7ar a escalada na montanha. Ap\u00f3s essa etapa, come\u00e7o a fazer um ou dois ciclos de aclimata\u00e7\u00e3o de tempos em tempos. O terceiro ciclo ser\u00e1 o que chamamos de ataque ao cume, ou seja, a subida final para alcan\u00e7ar o topo, que est\u00e1 prevista para iniciar no dia 18 de julho\u201d, explica. A programa\u00e7\u00e3o pode ser alterada devido \u00e0s condi\u00e7\u00f5es do tempo.<\/p>\n\n\n\n<p>Sobre o fato de poucas mulheres j\u00e1 terem alcan\u00e7ado o ponto final do K2, Oliani afirma n\u00e3o se assustar. \u201cEssa coisa de g\u00eanero n\u00e3o funciona pra mim. Existem homens e mulheres com muita t\u00e9cnica e for\u00e7a e todos t\u00eam as mesmas chances de chegar ao topo\u201d, completa. A primeira mulher a conquistar o K2 foi a polonesa Wanda Rutkiewicz, em 1986. Agora, em 2019, Karina Oliani tamb\u00e9m quer ter seu nome marcado, mais uma vez, na hist\u00f3ria.<\/p>\n\n\n\n<p>A equipe da expedi\u00e7\u00e3o conta, ainda, com mais duas pessoas: um Sherpa, habitante das montanhas acostumado ao clima e \u00e0s condi\u00e7\u00f5es locais, que atua como auxiliar de atletas, e um segundo montanhista, Maximo Kausch, amigo de Karina e recordista mundial de ascens\u00e3o de montanhas acima de seis mil metros..&nbsp;&nbsp;<\/p>\n\n\n\n<p><a href=\"http:\/\/www.karinaoliani.com.br.\/\">Para acompanhar a jornada da brasileira, basta acessar o site<\/a><\/p>\n\n\n\n<p>A expedi\u00e7\u00e3o de Karina Oliani ao K2 conta com patroc\u00ednio de Volvo Cars, Pulsar Invest, John John, Outback Steakhouse e Gillette Venus, al\u00e9m do apoio de Canon, GoPro HERO7 Black, Saved by Spot, Puma e The North Face.<\/p>\n","protected":false},"excerpt":{"rendered":"<p>A brasileira Karina Oliani pode ser a primeira mulher sul-americana a escalar a montanha mais perigosa do mundo. O K2 conta com 8.611 metros e&hellip; <\/p>\n","protected":false},"author":1,"featured_media":104290,"comment_status":"closed","ping_status":"closed","sticky":false,"template":"","format":"standard","meta":{"sfsi_plus_gutenberg_text_before_share":"","sfsi_plus_gutenberg_show_text_before_share":"","sfsi_plus_gutenberg_icon_type":"","sfsi_plus_gutenberg_icon_alignemt":"","sfsi_plus_gutenburg_max_per_row":"","footnotes":""},"categories":[2],"tags":[],"class_list":["post-104289","post","type-post","status-publish","format-standard","has-post-thumbnail","hentry","category-geral"],"_links":{"self":[{"href":"https:\/\/www.caririemacao.com\/1\/wp-json\/wp\/v2\/posts\/104289","targetHints":{"allow":["GET"]}}],"collection":[{"href":"https:\/\/www.caririemacao.com\/1\/wp-json\/wp\/v2\/posts"}],"about":[{"href":"https:\/\/www.caririemacao.com\/1\/wp-json\/wp\/v2\/types\/post"}],"author":[{"embeddable":true,"href":"https:\/\/www.caririemacao.com\/1\/wp-json\/wp\/v2\/users\/1"}],"replies":[{"embeddable":true,"href":"https:\/\/www.caririemacao.com\/1\/wp-json\/wp\/v2\/comments?post=104289"}],"version-history":[{"count":1,"href":"https:\/\/www.caririemacao.com\/1\/wp-json\/wp\/v2\/posts\/104289\/revisions"}],"predecessor-version":[{"id":104291,"href":"https:\/\/www.caririemacao.com\/1\/wp-json\/wp\/v2\/posts\/104289\/revisions\/104291"}],"wp:featuredmedia":[{"embeddable":true,"href":"https:\/\/www.caririemacao.com\/1\/wp-json\/wp\/v2\/media\/104290"}],"wp:attachment":[{"href":"https:\/\/www.caririemacao.com\/1\/wp-json\/wp\/v2\/media?parent=104289"}],"wp:term":[{"taxonomy":"category","embeddable":true,"href":"https:\/\/www.caririemacao.com\/1\/wp-json\/wp\/v2\/categories?post=104289"},{"taxonomy":"post_tag","embeddable":true,"href":"https:\/\/www.caririemacao.com\/1\/wp-json\/wp\/v2\/tags?post=104289"}],"curies":[{"name":"wp","href":"https:\/\/api.w.org\/{rel}","templated":true}]}}