{"id":104296,"date":"2019-07-11T16:11:34","date_gmt":"2019-07-11T19:11:34","guid":{"rendered":"http:\/\/www.caririemacao.com\/1\/?p=104296"},"modified":"2019-07-11T16:11:34","modified_gmt":"2019-07-11T19:11:34","slug":"previdencia-maia-quer-concluir-votacao-em-dois-turnos-ate-sexta-feira","status":"publish","type":"post","link":"https:\/\/www.caririemacao.com\/1\/2019\/07\/11\/previdencia-maia-quer-concluir-votacao-em-dois-turnos-ate-sexta-feira\/","title":{"rendered":"Previd\u00eancia: Maia quer concluir vota\u00e7\u00e3o em dois turnos at\u00e9 sexta-feira"},"content":{"rendered":"\n<p>&nbsp;presidente da C\u00e2mara dos Deputados, Rodrigo Maia (DEM-RJ), disse hoje (11) que espera concluir a vota\u00e7\u00e3o em dois turnos da proposta de emenda \u00e0 Constitui\u00e7\u00e3o (PEC 6\/19) da reforma da Previd\u00eancia at\u00e9 amanh\u00e3 (12). O plen\u00e1rio retomar\u00e1 os trabalhos nesta quinta-feira para votar os destaques ao texto-base.<\/p>\n\n\n\n<p>Ao chegar \u00e0 Casa, Maia afirmou que vai trabalhar para concluir a etapa de vota\u00e7\u00e3o do primeiro turno na noite desta quinta-feira. \u201cE vamos votar o segundo turno amanh\u00e3. Essa \u00e9 a minha expectativa\u201d.<\/p>\n\n\n\n<p>Ontem (10) \u00e0 noite, o plen\u00e1rio aprovou o texto original da reforma da Previd\u00eancia por&nbsp;379 votos a favor e 131&nbsp;contra. Na sequ\u00eancia, os deputados rejeitaram um destaque que pretendia retirar os professores da reforma da Previd\u00eancia. Por 265 a 184, com duas absten\u00e7\u00f5es, os parlamentares decidiram manter as regras para os professores que constam no texto-base.<\/p>\n\n\n\n<p>Maia continua a negocia\u00e7\u00e3o com l\u00edderes partid\u00e1rios sobre destaques e emendas. Os destaques mais aguardados s\u00e3o o que aumenta a&nbsp;aposentadoria&nbsp;para as trabalhadoras da iniciativa privada e o que suaviza as regras de aposentadorias para policiais e agentes de seguran\u00e7a que&nbsp;servem \u00e0 Uni\u00e3o.<\/p>\n\n\n\n<p>O presidente da C\u00e2mara tamb\u00e9m disse n\u00e3o ter garantia de que um destaque do PDT, que diminui a idade m\u00ednima de aposentadoria dos professores da ativa para 52 para as mulheres e 55 anos para os homens ser\u00e1 rejeitado pelo plen\u00e1rio. Segundo Maia, as propostas relacionadas a essa categoria s\u00e3o dif\u00edceis, mas destacou que, se for aprovado, o impacto fiscal ao longo dos dez anos n\u00e3o \u00e9 t\u00e3o elevado.<\/p>\n","protected":false},"excerpt":{"rendered":"<p>&nbsp;presidente da C\u00e2mara dos Deputados, Rodrigo Maia (DEM-RJ), disse hoje (11) que espera concluir a vota\u00e7\u00e3o em dois turnos da proposta de emenda \u00e0 Constitui\u00e7\u00e3o&hellip; <\/p>\n","protected":false},"author":1,"featured_media":104297,"comment_status":"closed","ping_status":"closed","sticky":false,"template":"","format":"standard","meta":{"sfsi_plus_gutenberg_text_before_share":"","sfsi_plus_gutenberg_show_text_before_share":"","sfsi_plus_gutenberg_icon_type":"","sfsi_plus_gutenberg_icon_alignemt":"","sfsi_plus_gutenburg_max_per_row":"","footnotes":""},"categories":[2],"tags":[],"class_list":["post-104296","post","type-post","status-publish","format-standard","has-post-thumbnail","hentry","category-geral"],"_links":{"self":[{"href":"https:\/\/www.caririemacao.com\/1\/wp-json\/wp\/v2\/posts\/104296","targetHints":{"allow":["GET"]}}],"collection":[{"href":"https:\/\/www.caririemacao.com\/1\/wp-json\/wp\/v2\/posts"}],"about":[{"href":"https:\/\/www.caririemacao.com\/1\/wp-json\/wp\/v2\/types\/post"}],"author":[{"embeddable":true,"href":"https:\/\/www.caririemacao.com\/1\/wp-json\/wp\/v2\/users\/1"}],"replies":[{"embeddable":true,"href":"https:\/\/www.caririemacao.com\/1\/wp-json\/wp\/v2\/comments?post=104296"}],"version-history":[{"count":1,"href":"https:\/\/www.caririemacao.com\/1\/wp-json\/wp\/v2\/posts\/104296\/revisions"}],"predecessor-version":[{"id":104298,"href":"https:\/\/www.caririemacao.com\/1\/wp-json\/wp\/v2\/posts\/104296\/revisions\/104298"}],"wp:featuredmedia":[{"embeddable":true,"href":"https:\/\/www.caririemacao.com\/1\/wp-json\/wp\/v2\/media\/104297"}],"wp:attachment":[{"href":"https:\/\/www.caririemacao.com\/1\/wp-json\/wp\/v2\/media?parent=104296"}],"wp:term":[{"taxonomy":"category","embeddable":true,"href":"https:\/\/www.caririemacao.com\/1\/wp-json\/wp\/v2\/categories?post=104296"},{"taxonomy":"post_tag","embeddable":true,"href":"https:\/\/www.caririemacao.com\/1\/wp-json\/wp\/v2\/tags?post=104296"}],"curies":[{"name":"wp","href":"https:\/\/api.w.org\/{rel}","templated":true}]}}