{"id":104301,"date":"2019-07-11T16:20:21","date_gmt":"2019-07-11T19:20:21","guid":{"rendered":"http:\/\/www.caririemacao.com\/1\/?p=104301"},"modified":"2019-07-11T16:20:21","modified_gmt":"2019-07-11T19:20:21","slug":"deputado-paraibano-contraria-partido-ao-votar-previdencia","status":"publish","type":"post","link":"https:\/\/www.caririemacao.com\/1\/2019\/07\/11\/deputado-paraibano-contraria-partido-ao-votar-previdencia\/","title":{"rendered":"Deputado paraibano contraria partido ao votar Previd\u00eancia"},"content":{"rendered":"\n<p>O\u00a0deputado federal Hugo Motta (PRB-PB) da bancada da Para\u00edba contrariou a bancada em seu voto do texto principal da reforma da Previd\u00eancia, aprovado em primeiro turno com 379 votos nesta quarta-feira (11).<\/p>\n\n\n\n<p>A bancada do PRB orientou voto a favor da reforma, e o parlamentar votou contra. Outros parlamentares que tamb\u00e9m votaram contra a orienta\u00e7\u00e3o de suas respectivas bancadas incluem Tabata Amaral (PDT-SP), Tiririca (PL-SP) e os filhos dos ex-governadores do Rio de Janeiro, Clarissa (PROS-RJ) e Wladimir Garotinho (PSD-RJ).<\/p>\n\n\n\n<p>Antes da vota\u00e7\u00e3o, Tabata chegou a ser amea\u00e7ada de expuls\u00e3o do partido se confirmasse seu voto a favor da reforma da Previd\u00eancia.<\/p>\n\n\n\n<p><strong>Leia mais:<\/strong>&nbsp;<a href=\"https:\/\/www.clickpb.com.br\/politica\/maioria-dos-deputados-paraibanos-votou-favor-da-reforma-da-previdencia-263801.html\">Maioria dos deputados paraibanos votou a favor da Reforma da Previd\u00eancia<\/a><\/p>\n\n\n\n<p>Um total de 34 parlamentares votaram contra a orienta\u00e7\u00e3o de suas respectivas bancadas, sendo 19 a favor da mudan\u00e7a (apesar das bancadas contr\u00e1rias), e 15 contra (apesar das bancadas favor\u00e1veis). Tr\u00eas deputados n\u00e3o estiveram na sess\u00e3o que votou a reforma: General Gir\u00e3o (PSL-RN), Luiz Carlos Motta (PL-SP) e Bacelar (Podemos-BA). As bancadas dos tr\u00eas partidos eram favor\u00e1veis \u00e0 proposta.<\/p>\n\n\n\n<p>Confira a lista de parlamentares abaixo:<\/p>\n\n\n\n<p>Avante<br>Orienta\u00e7\u00e3o da bancada: a favor da reforma<br>Votou contra:<br>Andr\u00e9 Janones (MG)<\/p>\n\n\n\n<p>PDT<br>Orienta\u00e7\u00e3o da bancada: contra a reforma<br>Votaram a favor:<br>Alex Santana (BA)<br>Fl\u00e1vio Nogueira (PI)<br>Gil Cutrim (MA)<br>Jesus S\u00e9rgio (AC)<br>Marlon Santos (RS)<br>Silvia Cristina (RO)<br>Subtenente Gonzaga (MG)<br>Tabata Amaral (SP)<\/p>\n\n\n\n<p>PL<br>Orienta\u00e7\u00e3o da bancada: a favor da reforma<br>Votou contra:<br>Tiririca (SP)<\/p>\n\n\n\n<p>PP<br>Orienta\u00e7\u00e3o da bancada: a favor da reforma<br>Votaram contra:<br>Eduardo da Fonte (PE)<br>Fernando Monteiro (PE)<br>M\u00e1rio Negromonte Jr. (BA)<\/p>\n\n\n\n<p>PRB<br>Orienta\u00e7\u00e3o da bancada: a favor da reforma<br>Votaram contra:<br>Aline Gurgel (AP)<br>Hugo Motta (PB)<\/p>\n\n\n\n<p>PROS<br>Orienta\u00e7\u00e3o da bancada: a favor da reforma<br>Votaram contra:<br>Capit\u00e3o Wagner (CE)<br>Clarissa Garotinho (RJ)<br>Weliton Prado (MG)&nbsp; &nbsp; &nbsp;<\/p>\n\n\n\n<p>PSB<br>Orienta\u00e7\u00e3o da bancada: contra a reforma<br>Votaram a favor:<br>\u00c1tila Lira (PI)<br>Emidinho Madeira (MG)<br>Felipe Carreras (PE)<br>Felipe Rigoni (ES)<br>Jeferson Campos (SP)<br>Liziane Bayer (RS)<br>Luiz Fl\u00e1vio Gomes (SP)<br>Rodrigo Agostinho (SP)<br>Rodrigo Coelho (SC)<br>Rosana Valle (SP)<br>Ted Conti (ES)<\/p>\n\n\n\n<p>PSC<br>Orienta\u00e7\u00e3o da bancada: a favor da reforma<br>Votou contra:<br>Valdevan Noventa (SE)<\/p>\n\n\n\n<p>PSD<br>Orienta\u00e7\u00e3o da bancada: a favor da reforma<br>Votaram contra:<br>Expedito Netto (RO)<br>Wladimir Garotinho (RJ)<\/p>\n\n\n\n<p>PSDB<br>Orienta\u00e7\u00e3o da bancada: a favor da reforma<br>Votou contra:<br>Tereza Nelma (AL)<\/p>\n\n\n\n<p>Solidariedade<br>Orienta\u00e7\u00e3o da bancada: a favor da reforma<br>Votou contra:<br>Paulo Pereira da Silva (SP)<\/p>\n","protected":false},"excerpt":{"rendered":"<p>O\u00a0deputado federal Hugo Motta (PRB-PB) da bancada da Para\u00edba contrariou a bancada em seu voto do texto principal da reforma da Previd\u00eancia, aprovado em primeiro&hellip; <\/p>\n","protected":false},"author":1,"featured_media":104302,"comment_status":"closed","ping_status":"closed","sticky":false,"template":"","format":"standard","meta":{"sfsi_plus_gutenberg_text_before_share":"","sfsi_plus_gutenberg_show_text_before_share":"","sfsi_plus_gutenberg_icon_type":"","sfsi_plus_gutenberg_icon_alignemt":"","sfsi_plus_gutenburg_max_per_row":"","footnotes":""},"categories":[11],"tags":[],"class_list":["post-104301","post","type-post","status-publish","format-standard","has-post-thumbnail","hentry","category-politica"],"_links":{"self":[{"href":"https:\/\/www.caririemacao.com\/1\/wp-json\/wp\/v2\/posts\/104301","targetHints":{"allow":["GET"]}}],"collection":[{"href":"https:\/\/www.caririemacao.com\/1\/wp-json\/wp\/v2\/posts"}],"about":[{"href":"https:\/\/www.caririemacao.com\/1\/wp-json\/wp\/v2\/types\/post"}],"author":[{"embeddable":true,"href":"https:\/\/www.caririemacao.com\/1\/wp-json\/wp\/v2\/users\/1"}],"replies":[{"embeddable":true,"href":"https:\/\/www.caririemacao.com\/1\/wp-json\/wp\/v2\/comments?post=104301"}],"version-history":[{"count":1,"href":"https:\/\/www.caririemacao.com\/1\/wp-json\/wp\/v2\/posts\/104301\/revisions"}],"predecessor-version":[{"id":104303,"href":"https:\/\/www.caririemacao.com\/1\/wp-json\/wp\/v2\/posts\/104301\/revisions\/104303"}],"wp:featuredmedia":[{"embeddable":true,"href":"https:\/\/www.caririemacao.com\/1\/wp-json\/wp\/v2\/media\/104302"}],"wp:attachment":[{"href":"https:\/\/www.caririemacao.com\/1\/wp-json\/wp\/v2\/media?parent=104301"}],"wp:term":[{"taxonomy":"category","embeddable":true,"href":"https:\/\/www.caririemacao.com\/1\/wp-json\/wp\/v2\/categories?post=104301"},{"taxonomy":"post_tag","embeddable":true,"href":"https:\/\/www.caririemacao.com\/1\/wp-json\/wp\/v2\/tags?post=104301"}],"curies":[{"name":"wp","href":"https:\/\/api.w.org\/{rel}","templated":true}]}}