{"id":104307,"date":"2019-07-11T19:20:46","date_gmt":"2019-07-11T22:20:46","guid":{"rendered":"http:\/\/www.caririemacao.com\/1\/?p=104307"},"modified":"2019-07-11T19:20:46","modified_gmt":"2019-07-11T22:20:46","slug":"prefeito-sandro-emite-nota-de-pesar-pelo-falecimento-de-ex-secretario-de-camalau","status":"publish","type":"post","link":"https:\/\/www.caririemacao.com\/1\/2019\/07\/11\/prefeito-sandro-emite-nota-de-pesar-pelo-falecimento-de-ex-secretario-de-camalau\/","title":{"rendered":"Prefeito Sandro emite Nota de Pesar pelo falecimento de ex-secret\u00e1rio de Camala\u00fa"},"content":{"rendered":"\n<p>A Prefeitura Municipal de Camala\u00fa, vem a p\u00fablico externar VOTOS DE PROFUNDO PESAR pelo falecimento do servidor p\u00fablico e ex-secret\u00e1rio municipal das pastas de Assist\u00eancia Social e Educa\u00e7\u00e3o, Pedro Mineiro Firmo J\u00fanior, ocorrido nesta quinta \u2013 feira, dia 11 de julho de 2019.<\/p>\n\n\n\n<p>Neste momento, cabe-nos confortar seus familiares com os\nnossos sinceros agradecimentos pelos relevantes servi\u00e7os prestados \u00e0 comunidade\ne desejamos que o criador do Universo, d\u00ea \u00e0 fam\u00edlia enlutada o conforto\nnecess\u00e1rio para superar tamanha perda.<\/p>\n\n\n\n<p>Camala\u00fa, 11 de julho de 2019.<\/p>\n\n\n\n<p>Alecsandro Bezerra dos Santos<\/p>\n\n\n\n<p>Prefeito Constitucional<\/p>\n","protected":false},"excerpt":{"rendered":"<p>A Prefeitura Municipal de Camala\u00fa, vem a p\u00fablico externar VOTOS DE PROFUNDO PESAR pelo falecimento do servidor p\u00fablico e ex-secret\u00e1rio municipal das pastas de Assist\u00eancia&hellip; <\/p>\n","protected":false},"author":2,"featured_media":104308,"comment_status":"closed","ping_status":"closed","sticky":false,"template":"","format":"standard","meta":{"sfsi_plus_gutenberg_text_before_share":"","sfsi_plus_gutenberg_show_text_before_share":"","sfsi_plus_gutenberg_icon_type":"","sfsi_plus_gutenberg_icon_alignemt":"","sfsi_plus_gutenburg_max_per_row":"","footnotes":""},"categories":[50,2],"tags":[],"class_list":["post-104307","post","type-post","status-publish","format-standard","has-post-thumbnail","hentry","category-destaque","category-geral"],"_links":{"self":[{"href":"https:\/\/www.caririemacao.com\/1\/wp-json\/wp\/v2\/posts\/104307","targetHints":{"allow":["GET"]}}],"collection":[{"href":"https:\/\/www.caririemacao.com\/1\/wp-json\/wp\/v2\/posts"}],"about":[{"href":"https:\/\/www.caririemacao.com\/1\/wp-json\/wp\/v2\/types\/post"}],"author":[{"embeddable":true,"href":"https:\/\/www.caririemacao.com\/1\/wp-json\/wp\/v2\/users\/2"}],"replies":[{"embeddable":true,"href":"https:\/\/www.caririemacao.com\/1\/wp-json\/wp\/v2\/comments?post=104307"}],"version-history":[{"count":1,"href":"https:\/\/www.caririemacao.com\/1\/wp-json\/wp\/v2\/posts\/104307\/revisions"}],"predecessor-version":[{"id":104309,"href":"https:\/\/www.caririemacao.com\/1\/wp-json\/wp\/v2\/posts\/104307\/revisions\/104309"}],"wp:featuredmedia":[{"embeddable":true,"href":"https:\/\/www.caririemacao.com\/1\/wp-json\/wp\/v2\/media\/104308"}],"wp:attachment":[{"href":"https:\/\/www.caririemacao.com\/1\/wp-json\/wp\/v2\/media?parent=104307"}],"wp:term":[{"taxonomy":"category","embeddable":true,"href":"https:\/\/www.caririemacao.com\/1\/wp-json\/wp\/v2\/categories?post=104307"},{"taxonomy":"post_tag","embeddable":true,"href":"https:\/\/www.caririemacao.com\/1\/wp-json\/wp\/v2\/tags?post=104307"}],"curies":[{"name":"wp","href":"https:\/\/api.w.org\/{rel}","templated":true}]}}