{"id":104310,"date":"2019-07-11T19:25:55","date_gmt":"2019-07-11T22:25:55","guid":{"rendered":"http:\/\/www.caririemacao.com\/1\/?p=104310"},"modified":"2019-07-11T19:25:55","modified_gmt":"2019-07-11T22:25:55","slug":"edna-henrique-nao-vota-em-destaque-que-beneficiaria-professores-na-reforma-da-previdencia","status":"publish","type":"post","link":"https:\/\/www.caririemacao.com\/1\/2019\/07\/11\/edna-henrique-nao-vota-em-destaque-que-beneficiaria-professores-na-reforma-da-previdencia\/","title":{"rendered":"Edna Henrique n\u00e3o vota em destaque que beneficiaria professores na Reforma da Previd\u00eancia"},"content":{"rendered":"\n<p>Ap\u00f3s votar favor\u00e1vel a reforma da Previd\u00eancia, a deputado federal Edna Henrique (PSDB), n\u00e3o participou da vota\u00e7\u00e3o do destaque que excluiria os professores da Reforma da Previd\u00eancia, que ocorreu na noite desta quarta-feira (10). A vota\u00e7\u00e3o do destaque, que foi apresentada pelo deputado federal Wellington Roberto (PL \u2013 Antigo PR), ocorreu logo ap\u00f3s a vota\u00e7\u00e3o do texto-base, e foi rejeitada pelo plen\u00e1rio, obtendo apenas 265 votos.<\/p>\n\n\n\n<p>Edna Henrique n\u00e3o votou o destaque que beneficiaria os professores, e tamb\u00e9m n\u00e3o justificou sua aus\u00eancia na vota\u00e7\u00e3o. Da bancada paraibana, al\u00e9m de Edna, estiveram ausentes os deputados Aguinaldo Ribeiro e Wilson Santiago. Votaram contra a proposta que beneficiaria os professores os deputados Efraim Filho e Julian Lemos.<\/p>\n\n\n\n<p>Os deputados Dami\u00e3o Feliciano, Frei Anast\u00e1cio, Gerv\u00e1sio Maia, Hugo Mota, Pedro Cunha Lima, Ruy Carneiro e Wellington Roberto, este \u00faltimo autor da proposta, votaram favor\u00e1veis.<\/p>\n\n\n\n<p>Wellington Roberto colocou como condi\u00e7\u00e3o para votar a favor da Reforma da Previd\u00eancia a exclus\u00e3o dos Professores, um tratamento mais justo para os trabalhadores rurais e dependentes do BPC.<\/p>\n\n\n\n<p>O destaque para modificar regras previstas para professores na reforma da Previd\u00eancia foi rejeitado.<\/p>\n","protected":false},"excerpt":{"rendered":"<p>Ap\u00f3s votar favor\u00e1vel a reforma da Previd\u00eancia, a deputado federal Edna Henrique (PSDB), n\u00e3o participou da vota\u00e7\u00e3o do destaque que excluiria os professores da Reforma&hellip; <\/p>\n","protected":false},"author":1,"featured_media":433,"comment_status":"closed","ping_status":"closed","sticky":false,"template":"","format":"standard","meta":{"sfsi_plus_gutenberg_text_before_share":"","sfsi_plus_gutenberg_show_text_before_share":"","sfsi_plus_gutenberg_icon_type":"","sfsi_plus_gutenberg_icon_alignemt":"","sfsi_plus_gutenburg_max_per_row":"","footnotes":""},"categories":[11],"tags":[],"class_list":["post-104310","post","type-post","status-publish","format-standard","has-post-thumbnail","hentry","category-politica"],"_links":{"self":[{"href":"https:\/\/www.caririemacao.com\/1\/wp-json\/wp\/v2\/posts\/104310","targetHints":{"allow":["GET"]}}],"collection":[{"href":"https:\/\/www.caririemacao.com\/1\/wp-json\/wp\/v2\/posts"}],"about":[{"href":"https:\/\/www.caririemacao.com\/1\/wp-json\/wp\/v2\/types\/post"}],"author":[{"embeddable":true,"href":"https:\/\/www.caririemacao.com\/1\/wp-json\/wp\/v2\/users\/1"}],"replies":[{"embeddable":true,"href":"https:\/\/www.caririemacao.com\/1\/wp-json\/wp\/v2\/comments?post=104310"}],"version-history":[{"count":1,"href":"https:\/\/www.caririemacao.com\/1\/wp-json\/wp\/v2\/posts\/104310\/revisions"}],"predecessor-version":[{"id":104311,"href":"https:\/\/www.caririemacao.com\/1\/wp-json\/wp\/v2\/posts\/104310\/revisions\/104311"}],"wp:featuredmedia":[{"embeddable":true,"href":"https:\/\/www.caririemacao.com\/1\/wp-json\/wp\/v2\/media\/433"}],"wp:attachment":[{"href":"https:\/\/www.caririemacao.com\/1\/wp-json\/wp\/v2\/media?parent=104310"}],"wp:term":[{"taxonomy":"category","embeddable":true,"href":"https:\/\/www.caririemacao.com\/1\/wp-json\/wp\/v2\/categories?post=104310"},{"taxonomy":"post_tag","embeddable":true,"href":"https:\/\/www.caririemacao.com\/1\/wp-json\/wp\/v2\/tags?post=104310"}],"curies":[{"name":"wp","href":"https:\/\/api.w.org\/{rel}","templated":true}]}}