{"id":104321,"date":"2019-07-12T07:01:40","date_gmt":"2019-07-12T10:01:40","guid":{"rendered":"http:\/\/www.caririemacao.com\/1\/?p=104321"},"modified":"2019-07-12T07:01:40","modified_gmt":"2019-07-12T10:01:40","slug":"prefeita-de-monteiro-anuncia-pagamento-da-primeira-parcela-do-13o-salario","status":"publish","type":"post","link":"https:\/\/www.caririemacao.com\/1\/2019\/07\/12\/prefeita-de-monteiro-anuncia-pagamento-da-primeira-parcela-do-13o-salario\/","title":{"rendered":"Prefeita de Monteiro anuncia pagamento da primeira parcela do 13\u00ba sal\u00e1rio"},"content":{"rendered":"\n<p>Ap\u00f3s antecipar a folha de junho para o dia 19 do m\u00eas passado, possibilitando que os servidores municipais passassem os festejos juninos com dinheiro em suas contas, a prefeita do munic\u00edpio de Monteiro, Anna Lorena, esteve reunida com a Secret\u00e1ria de Finan\u00e7as, Rosilda Henrique, para deliberar sobre a autoriza\u00e7\u00e3o do cr\u00e9dito em conta da primeira parcela do 13\u00ba sal\u00e1rio para o funcionalismo municipal.<\/p>\n\n\n\n<p>De acordo com a prefeita Anna Lorena, o pagamento est\u00e1 sendo feito ap\u00f3s o cumprimento das obriga\u00e7\u00f5es financeiras do munic\u00edpio com os fornecedores. \u201cPrecisamos manter o equil\u00edbrio financeiro do munic\u00edpio, honrando pagamentos dos fornecedores. Vimos que podemos realizar o pagamento neste momento, proporcionando ao com\u00e9rcio e aos funcion\u00e1rios a disponibilidade de uma importante soma de dinheiro\u201d.<\/p>\n\n\n\n<p>O cr\u00e9dito ser\u00e1 feito na conta dos servidores, na ag\u00eancia do Bradesco, na pr\u00f3xima ter\u00e7a-feira, dia 16, somando mais de um milh\u00e3o de reais que circular\u00e3o no com\u00e9rcio de servi\u00e7os e produtos na cidade.<\/p>\n\n\n\n<p>Al\u00e9m de manter a folha de pessoal rigorosamente em dia, assim como o pagamento a fornecedores, a prefeita lan\u00e7ou recentemente o Programa Monteiro Cidade Trabalho, com investimentos de mais de R$ 4 milh\u00f5es para contru\u00e7\u00e3o de um Terminal Rodovi\u00e1rio, Parque Tur\u00edstico e pavimenta\u00e7\u00e3o de mais de 15 ruas.<\/p>\n","protected":false},"excerpt":{"rendered":"<p>Ap\u00f3s antecipar a folha de junho para o dia 19 do m\u00eas passado, possibilitando que os servidores municipais passassem os festejos juninos com dinheiro em&hellip; <\/p>\n","protected":false},"author":1,"featured_media":100539,"comment_status":"closed","ping_status":"closed","sticky":false,"template":"","format":"standard","meta":{"sfsi_plus_gutenberg_text_before_share":"","sfsi_plus_gutenberg_show_text_before_share":"","sfsi_plus_gutenberg_icon_type":"","sfsi_plus_gutenberg_icon_alignemt":"","sfsi_plus_gutenburg_max_per_row":"","footnotes":""},"categories":[2],"tags":[],"class_list":["post-104321","post","type-post","status-publish","format-standard","has-post-thumbnail","hentry","category-geral"],"_links":{"self":[{"href":"https:\/\/www.caririemacao.com\/1\/wp-json\/wp\/v2\/posts\/104321","targetHints":{"allow":["GET"]}}],"collection":[{"href":"https:\/\/www.caririemacao.com\/1\/wp-json\/wp\/v2\/posts"}],"about":[{"href":"https:\/\/www.caririemacao.com\/1\/wp-json\/wp\/v2\/types\/post"}],"author":[{"embeddable":true,"href":"https:\/\/www.caririemacao.com\/1\/wp-json\/wp\/v2\/users\/1"}],"replies":[{"embeddable":true,"href":"https:\/\/www.caririemacao.com\/1\/wp-json\/wp\/v2\/comments?post=104321"}],"version-history":[{"count":1,"href":"https:\/\/www.caririemacao.com\/1\/wp-json\/wp\/v2\/posts\/104321\/revisions"}],"predecessor-version":[{"id":104322,"href":"https:\/\/www.caririemacao.com\/1\/wp-json\/wp\/v2\/posts\/104321\/revisions\/104322"}],"wp:featuredmedia":[{"embeddable":true,"href":"https:\/\/www.caririemacao.com\/1\/wp-json\/wp\/v2\/media\/100539"}],"wp:attachment":[{"href":"https:\/\/www.caririemacao.com\/1\/wp-json\/wp\/v2\/media?parent=104321"}],"wp:term":[{"taxonomy":"category","embeddable":true,"href":"https:\/\/www.caririemacao.com\/1\/wp-json\/wp\/v2\/categories?post=104321"},{"taxonomy":"post_tag","embeddable":true,"href":"https:\/\/www.caririemacao.com\/1\/wp-json\/wp\/v2\/tags?post=104321"}],"curies":[{"name":"wp","href":"https:\/\/api.w.org\/{rel}","templated":true}]}}