{"id":104327,"date":"2019-07-12T07:30:47","date_gmt":"2019-07-12T10:30:47","guid":{"rendered":"http:\/\/www.caririemacao.com\/1\/?p=104327"},"modified":"2019-07-12T07:30:47","modified_gmt":"2019-07-12T10:30:47","slug":"suspeito-de-matar-a-propria-mae-a-facadas-e-preso-na-paraiba","status":"publish","type":"post","link":"https:\/\/www.caririemacao.com\/1\/2019\/07\/12\/suspeito-de-matar-a-propria-mae-a-facadas-e-preso-na-paraiba\/","title":{"rendered":"Suspeito de matar a pr\u00f3pria m\u00e3e a facadas \u00e9 preso na Para\u00edba"},"content":{"rendered":"\n<p>O homem suspeito de matar a pr\u00f3pria m\u00e3e foi preso, nesta quinta-feira (11), na cidade de Cacimba de Dentro, na Para\u00edba.\u00a0 O suspeito, de 35 anos, teria assassinado a m\u00e3e com v\u00e1rios golpes de faca, na madrugada desta quinta-feira (11). <\/p>\n\n\n\n<p>O delegado Di\u00f3genes Fernandes informou que o suspeito tem hist\u00f3rico de doen\u00e7a mental grave e tem v\u00e1rias passagens pelo hospital psiqui\u00e1trico Juliano Moreira, em Jo\u00e3o Pessoa,&nbsp; al\u00e9m do Centro de Apoio Psicossocial (Caps), de Cacimba de Dentro.&nbsp;<\/p>\n\n\n\n<p>A arma utilizada no crime n\u00e3o foi localizada.<\/p>\n","protected":false},"excerpt":{"rendered":"<p>O homem suspeito de matar a pr\u00f3pria m\u00e3e foi preso, nesta quinta-feira (11), na cidade de Cacimba de Dentro, na Para\u00edba.\u00a0 O suspeito, de 35&hellip; <\/p>\n","protected":false},"author":1,"featured_media":104328,"comment_status":"closed","ping_status":"closed","sticky":false,"template":"","format":"standard","meta":{"sfsi_plus_gutenberg_text_before_share":"","sfsi_plus_gutenberg_show_text_before_share":"","sfsi_plus_gutenberg_icon_type":"","sfsi_plus_gutenberg_icon_alignemt":"","sfsi_plus_gutenburg_max_per_row":"","footnotes":""},"categories":[12],"tags":[],"class_list":["post-104327","post","type-post","status-publish","format-standard","has-post-thumbnail","hentry","category-policia"],"_links":{"self":[{"href":"https:\/\/www.caririemacao.com\/1\/wp-json\/wp\/v2\/posts\/104327","targetHints":{"allow":["GET"]}}],"collection":[{"href":"https:\/\/www.caririemacao.com\/1\/wp-json\/wp\/v2\/posts"}],"about":[{"href":"https:\/\/www.caririemacao.com\/1\/wp-json\/wp\/v2\/types\/post"}],"author":[{"embeddable":true,"href":"https:\/\/www.caririemacao.com\/1\/wp-json\/wp\/v2\/users\/1"}],"replies":[{"embeddable":true,"href":"https:\/\/www.caririemacao.com\/1\/wp-json\/wp\/v2\/comments?post=104327"}],"version-history":[{"count":1,"href":"https:\/\/www.caririemacao.com\/1\/wp-json\/wp\/v2\/posts\/104327\/revisions"}],"predecessor-version":[{"id":104329,"href":"https:\/\/www.caririemacao.com\/1\/wp-json\/wp\/v2\/posts\/104327\/revisions\/104329"}],"wp:featuredmedia":[{"embeddable":true,"href":"https:\/\/www.caririemacao.com\/1\/wp-json\/wp\/v2\/media\/104328"}],"wp:attachment":[{"href":"https:\/\/www.caririemacao.com\/1\/wp-json\/wp\/v2\/media?parent=104327"}],"wp:term":[{"taxonomy":"category","embeddable":true,"href":"https:\/\/www.caririemacao.com\/1\/wp-json\/wp\/v2\/categories?post=104327"},{"taxonomy":"post_tag","embeddable":true,"href":"https:\/\/www.caririemacao.com\/1\/wp-json\/wp\/v2\/tags?post=104327"}],"curies":[{"name":"wp","href":"https:\/\/api.w.org\/{rel}","templated":true}]}}